{"id":75279,"date":"2015-04-03T19:08:57","date_gmt":"2015-04-03T17:08:57","guid":{"rendered":"http:\/\/www.ifun.de\/?p=75279"},"modified":"2015-04-03T19:08:57","modified_gmt":"2015-04-03T17:08:57","slug":"rueckblick-5-jahre-ipad","status":"publish","type":"post","link":"https:\/\/www.ifun.de\/rueckblick-5-jahre-ipad-75279\/","title":{"rendered":"R\u00fcckblick: 5 Jahre iPad"},"content":{"rendered":"<p>Heute vor f\u00fcnf Jahren kam die erste Generation des iPad in den Handel, zun\u00e4chst allerdings nur in den USA. Wir haben den Produktstart damals <a href=\"https:\/\/www.flickr.com\/photos\/ifun\/sets\/72157623634012667\/with\/4486152151\/\">in New York miterlebt<\/a>. In Deutschland konnte man das Apple-Tablet dann vom <a href=\"http:\/\/www.ifun.de\/heute-offizieller-ipad-verkaufsstart-in-deutschland-und-acht-weiteren-landern-6472\/\">28. Mai 2010<\/a> an erstehen.<\/p>\n<p><a href=\"http:\/\/images.ifun.de\/wp-content\/uploads\/2015\/04\/steve-jobs-ipad-500.jpg\"><img loading=\"lazy\" decoding=\"async\" src=\"http:\/\/images.ifun.de\/wp-content\/uploads\/2015\/04\/steve-jobs-ipad-500.jpg\" alt=\"steve-jobs-ipad-500\" width=\"500\" height=\"324\" class=\"alignnone size-full wp-image-75281\" srcset=\"https:\/\/images.ifun.de\/wp-content\/uploads\/2015\/04\/steve-jobs-ipad-500.jpg 500w, https:\/\/images.ifun.de\/wp-content\/uploads\/2015\/04\/steve-jobs-ipad-500-300x194.jpg 300w\" sizes=\"auto, (max-width: 500px) 100vw, 500px\" \/><\/a><\/p>\n<p>Apple hat anl\u00e4sslich dieses Jubil\u00e4ums eine Liste mit wichtigen Stationen der iPad-Geschichte ver\u00f6ffentlicht. Wir haben die \u00dcbersicht hier und da noch etwas erg\u00e4nzt. Viel Spa\u00df bei dieser kleinen Zeitreise.<\/p>\n<h2>2010<\/h2>\n<ul>\n<li><a href=\"http:\/\/www.ifun.de\/apple-stellt-das-ipad-vor-us-start-im-marz-fur-499-6099\/\">Steve Jobs stellt das iPad am 27. Januar vor<\/a><\/li>\n<li>Ein grandioser PR-Stunt: Steven Colbert z\u00fcckt bei der Grammy-Verleihung am 31. Januar ein <a href=\"http:\/\/www.ifun.de\/grammy-award-ipad-als-spickzettel-6119\/\">iPad als Spickzettel<\/a>. <\/li>\n<li><a href=\"https:\/\/www.flickr.com\/photos\/ifun\/sets\/72157623634012667\/with\/4486152151\/\">Am 3. April startet der iPad-Verkauf in den USA<\/a>. Apple verkauft am ersten Tag bereits 300.000 Ger\u00e4te.<\/li>\n<li>Am 19. April spielt der chinesische Pianist Lang Lang als Zugabe bei einem Konzert den <a href=\"http:\/\/www.ifun.de\/videos-ipad-djane-und-ipad-pianist-6339\/\">\u201eHummelflug\u201c auf einem iPad<\/a> und wenige Tage sp\u00e4ter macht sich Rana Sobhany einen Namen als \u201e<a href=\"http:\/\/www.ifun.de\/videos-ipad-djane-und-ipad-pianist-6339\/\">erster iPad DJ<\/a>\u201c.<\/li>\n<li>Ende Mai gibt es neue Zahlen von Apple: Apple hat innerhalb von 60 Tagen <a href=\"http:\/\/www.ifun.de\/apple-hat-bereits-mehr-als-2-millionen-ipads-verkauft-6485\/\">2 Millionen iPads verkauft<\/a>.<\/li>\n<li>Am 15. September startet die Frankfurter Rundschau aus \u201e<a href=\"http:\/\/www.ifun.de\/frankfurter-rundschau-auf-dem-ipad-6853\/\">Deutschlands erstes t\u00e4gliches E-Magazin<\/a>\u201c auf dem iPad.<\/li>\n<li>Im Dezember wird das iPad vom renommierten Time Magazin offiziell zum \u201e<a href=\"http:\/\/content.time.com\/time\/specials\/packages\/article\/0,28804,2035319_2033840_2033838,00.html\">Gadget of the Year<\/a>\u201c ernannt und die Gorillaz ver\u00f6ffentlichen ihr <a href=\"http:\/\/www.ifun.de\/neues-gorillaz-album-komplett-auf-dem-ipad-produziert-8034\/\">komplett auf dem iPad produziertes<\/a> Album \u201eThe Fall\u201c.<\/li>\n<\/ul>\n<h2>2011<\/h2>\n<ul>\n<li>Am 2. M\u00e4rz <a href=\"https:\/\/www.flickr.com\/photos\/ifun\/sets\/72157626057649425\/with\/5492089035\/\">stellt Apple das iPad 2 vor<\/a>. Das neue Modell ist <a href=\"http:\/\/www.ifun.de\/apple-stellt-ipad-2-vor-dunner-schneller-2-kameras-und-in-weis-10143\/\">d\u00fcnner, schneller, hat zwei Kameras<\/a> und ist zudem auch in Wei\u00df erh\u00e4ltlich.<\/li>\n<li>Am 11. M\u00e4rz k\u00f6nnen <a href=\"http:\/\/www.ifun.de\/ipad-2-verkaufsstart-in-den-usa-keine-vorbestellung-moglich-10491\/\">US-Kunden das iPad 2 kaufen<\/a>, in Deutschland ist das Ger\u00e4t <a href=\"http:\/\/www.ifun.de\/ipad-verkauf-uber-den-apple-online-store-ist-angelaufen-groser-andrang-und-2-bis-3-wochen-versandzeit-10941\/\">vom 25. M\u00e4rz an<\/a> erh\u00e4ltlich.<\/li>\n<li>Mit dem <a href=\"http:\/\/www.ifun.de\/zeitungskiosk-newsstand-ios-5-17280\/\">Zeitungskiosk<\/a> packt Apple ein virtuelles Zeitschriftenregal aufs iPad.<\/li>\n<\/ul>\n<h2>2012<\/h2>\n<ul>\n<li>Mit Blick auf den Bildungsmarkt ver\u00f6ffentlicht Apple <a href=\"http:\/\/www.ifun.de\/jetzt-in-new-york-apple-special-event-zum-thema-bildung-21191\/\">iBooks 2<\/a> und die damit verbundene M\u00f6glichkeit, interaktive Lehrb\u00fccher anzuzeigen.<\/li>\n<li>Am 7. M\u00e4rz stellt Apple die dritte iPad-Generation vor. \u201e<a href=\"http:\/\/www.ifun.de\/das-neue-ipad-die-erwartet-solide-uberarbeitung-glanzt-durch-lte-retina-und-siri-22803\/\">Das neue iPad<\/a>\u201c kommt mit Retina-Bildschirm, LTE und Diktierfunktion. Nur wenige Tage kommt das Ger\u00e4t dann <a href=\"http:\/\/www.ifun.de\/fotos-vom-ipad-verkaufsstart-deutschland-23276\/\">am 16. M\u00e4rz<\/a> in den Handel.<\/li>\n<li>Apple gibt bekannt, dass mittlerweile mehr als eine halbe Million Apps zur Verf\u00fcgung stehen, 200.000 davon speziell f\u00fcr das iPad optimiert.<\/li>\n<li>Die am 29. April erschienene Zeichen-App <a href=\"http:\/\/www.ifun.de\/paper-by-fiftythree-ansprechende-journal-und-zeichen-app-fur-das-ipad-video-23738\/\" title=\"Paper: Ansprechende Journal- und Zeichen-App f\u00fcr das iPad\">Paper<\/a> wird innerhalb von zwei Wochen mehr als 1,5 Millionen Mal geladen.<\/li>\n<li>Am 23. Oktober stellt Apple <a href=\"http:\/\/www.ifun.de\/apple-ipad-mini-30859\/\">zusammen mit dem iPad 4 den kleinen Bruder iPad mini<\/a> vor. Beide Ger\u00e4te kommen <a href=\"http:\/\/www.ifun.de\/ipad-mini-in-deutschland-schlangen-vor-den-apple-stores-das-weise-16-gb-modell-scheint-am-starksten-gefragt-31309\/\" title=\"iPad mini in Deutschland: Schlangen vor den Apple Stores, das wei\u00dfe 16-GB-Modell scheint am st\u00e4rksten gefragt [UPDATE]\">am 2. November<\/a> in den Handel und werden innerhalb von drei Tagen mehr als drei Millionen mal verkauft.<\/li>\n<\/ul>\n<h2>2013<\/h2>\n<ul>\n<li><a href=\"http:\/\/www.npr.org\/templates\/transcript\/transcript.php?storyId=241830872\">Am 12. Mai<\/a> gibt das iPad seine Premiere im Weltall. Astronaut Chris Hadfield nimmt damit in der Internationalen Raumstation eine Coverversion von David Bowies \u201cSpace Oddity\u201d auf.<\/li>\n<li><a href=\"http:\/\/www.ifun.de\/ipad-air-48780\/\" title=\"iPad Air: D\u00fcnner, leichter, schneller [Video]\">Am 22. Oktober<\/a> stellt Apple das iPad Air und das iPad mini mit Retina-Bildschirm vor. Das iPad Air ist <a href=\"http:\/\/www.ifun.de\/ipad-air-reger-andrang-vor-den-apple-stores-128-gb-modell-offenbar-knapp-bestueckt-49482\/\" title=\"iPad Air: Reger Andrang vor den Apple Stores, 128-GB-Modell offenbar knapp best\u00fcckt\">vom 1. November<\/a> an und das neue iPad mini <a href=\"http:\/\/www.ifun.de\/ipad-mini-retina-demnaechst-auch-in-apple-ladengeschaeften-erhaeltlich-49955\/\" title=\"iPad mini Retina jetzt auch in Apple Stores und bei Handelspartnern erh\u00e4ltlich\">vom 12. November an<\/a> erh\u00e4ltlich.<\/li>\n<\/ul>\n<h2>2014<\/h2>\n<ul>\n<li>Am 7. Januar z\u00e4hlt Apple 500.000 f\u00fcr das iPad optimierte Apps im App Store.<\/li>\n<li><a href=\"http:\/\/www.ifun.de\/office-fuer-ipad-57445\/\" title=\"Office f\u00fcr iPad: Microsoft bringt Word, Excel und Powerpoint in den App Store\">Microsoft bringt am 27. M\u00e4rz Office auf das iPad<\/a>.<\/li>\n<li>Am 16. Oktober wird das aktuelle <a href=\"http:\/\/www.ifun.de\/ipad-air-2-67797\/\" title=\"iPad Air 2 und neues iPad mini 3: D\u00fcnner, schneller, Touch ID\">iPad Air sowie das iPad mini 3 vorgestellt<\/a>.<\/li>\n<\/ul>\n<p>Abschlie\u00dfend schauen wir noch einmal Steve Jobs bei der Vorstellung des iPad 1 am 27. Januar 2010 an. Viel Spa\u00df.<\/p>\n<p><div class=\"responsive-video\"><iframe loading=\"lazy\" width=\"700\" height=\"525\" src=\"https:\/\/www.youtube-nocookie.com\/embed\/_KN-5zmvjAo?rel=0\" frameborder=\"0\" allowfullscreen><\/iframe><\/div><\/p>\n","protected":false},"excerpt":{"rendered":"<a href=\"https:\/\/www.ifun.de\/rueckblick-5-jahre-ipad-75279\/\"><img width=\"150\" height=\"150\" src=\"https:\/\/images.ifun.de\/wp-content\/uploads\/2015\/04\/steve-jobs-ipad-500-150x150.jpg\" class=\"alignright tfe wp-post-image\" alt=\"\" decoding=\"async\" loading=\"lazy\" \/><\/a><p>Heute vor f\u00fcnf Jahren kam die erste Generation des iPad in den Handel, zun\u00e4chst allerdings nur in den USA. Wir haben den Produktstart damals in New York miterlebt. In Deutschland konnte man das Apple-Tablet dann vom 28. Mai 2010 an erstehen. Apple hat anl\u00e4sslich dieses Jubil\u00e4ums eine Liste mit wichtigen Stationen der iPad-Geschichte ver\u00f6ffentlicht. Wir [&hellip;]<\/p>\n","protected":false},"author":2,"featured_media":75281,"comment_status":"open","ping_status":"closed","sticky":false,"template":"","format":"standard","meta":{"_acf_changed":false,"footnotes":""},"categories":[10],"tags":[4740,67],"class_list":["post-75279","post","type-post","status-publish","format-standard","has-post-thumbnail","hentry","category-ipad","tag-ipad","tag-steve-jobs"],"acf":[],"aioseo_notices":[],"featured_image":["http:\/\/images.ifun.de\/wp-content\/uploads\/2015\/04\/steve-jobs-ipad-header.jpg"],"rest_api_enabler":{"featured_image":"http:\/\/images.ifun.de\/wp-content\/uploads\/2015\/04\/steve-jobs-ipad-header.jpg"},"_links":{"self":[{"href":"https:\/\/www.ifun.de\/apiv2\/wp\/v2\/posts\/75279","targetHints":{"allow":["GET"]}}],"collection":[{"href":"https:\/\/www.ifun.de\/apiv2\/wp\/v2\/posts"}],"about":[{"href":"https:\/\/www.ifun.de\/apiv2\/wp\/v2\/types\/post"}],"author":[{"embeddable":true,"href":"https:\/\/www.ifun.de\/apiv2\/wp\/v2\/users\/2"}],"replies":[{"embeddable":true,"href":"https:\/\/www.ifun.de\/apiv2\/wp\/v2\/comments?post=75279"}],"version-history":[{"count":1,"href":"https:\/\/www.ifun.de\/apiv2\/wp\/v2\/posts\/75279\/revisions"}],"predecessor-version":[{"id":75282,"href":"https:\/\/www.ifun.de\/apiv2\/wp\/v2\/posts\/75279\/revisions\/75282"}],"wp:featuredmedia":[{"embeddable":true,"href":"https:\/\/www.ifun.de\/apiv2\/wp\/v2\/media\/75281"}],"wp:attachment":[{"href":"https:\/\/www.ifun.de\/apiv2\/wp\/v2\/media?parent=75279"}],"wp:term":[{"taxonomy":"category","embeddable":true,"href":"https:\/\/www.ifun.de\/apiv2\/wp\/v2\/categories?post=75279"},{"taxonomy":"post_tag","embeddable":true,"href":"https:\/\/www.ifun.de\/apiv2\/wp\/v2\/tags?post=75279"}],"curies":[{"name":"wp","href":"https:\/\/api.w.org\/{rel}","templated":true}]}}