{"id":74837,"date":"2015-03-25T14:00:43","date_gmt":"2015-03-25T13:00:43","guid":{"rendered":"http:\/\/www.ifun.de\/?p=74837"},"modified":"2015-03-25T17:42:28","modified_gmt":"2015-03-25T16:42:28","slug":"mac-kalender-fantastical-2-yosemite-optimiert-und-mit-neuen-features-erhaeltlich","status":"publish","type":"post","link":"https:\/\/www.ifun.de\/mac-kalender-fantastical-2-yosemite-optimiert-und-mit-neuen-features-erhaeltlich-74837\/","title":{"rendered":"Mac-Kalender Fantastical 2 Yosemite-optimiert und mit neuen Features erh\u00e4ltlich"},"content":{"rendered":"<p>Flexibits hat mit <a href=\"https:\/\/itunes.apple.com\/de\/app\/fantastical-2-kalender-und\/id975937182?mt=12&#038;uo=4&#038;at=10ltcU\">Fantastical 2<\/a> einen f\u00fcr Yosemite optimierten Nachfolger f\u00fcr den beliebten Mac-Men\u00fcleistenkalender Fantasticals ver\u00f6ffentlicht. Die neue Version bringt nicht nur optische Anpassungen sondern unter anderem auch ein Widget f\u00fcr die Mac-Mitteilungszentrale und die M\u00f6glichkeit, die Kalenderansicht bildschirmf\u00fcllend darstellen und mit Kalendergruppen zu arbeiten.<\/p>\n<p><a href=\"http:\/\/images.ifun.de\/wp-content\/uploads\/2015\/03\/fantastical-2-woche.jpg\"><img loading=\"lazy\" decoding=\"async\" src=\"http:\/\/images.ifun.de\/wp-content\/uploads\/2015\/03\/fantastical-2-woche.jpg\" alt=\"fantastical-2-woche\" width=\"500\" height=\"303\" class=\"alignnone size-full wp-image-74840\" srcset=\"https:\/\/images.ifun.de\/wp-content\/uploads\/2015\/03\/fantastical-2-woche.jpg 500w, https:\/\/images.ifun.de\/wp-content\/uploads\/2015\/03\/fantastical-2-woche-300x182.jpg 300w\" sizes=\"auto, (max-width: 500px) 100vw, 500px\" \/><\/a><\/p>\n<p>Das neue gro\u00dfe Fantastical-Fenster bietet die Wahl zwischen einer Tages-, Wochen-, Monats- und Jahresansicht und erscheint wie die weiterhin verf\u00fcgbare Men\u00fcleistenerweiterung nun in \u201eflacher\u201c Yosemite-Optik. <\/p>\n<p><a href=\"http:\/\/images.ifun.de\/wp-content\/uploads\/2015\/03\/fantastical-2-monat.jpg\"><img loading=\"lazy\" decoding=\"async\" src=\"http:\/\/images.ifun.de\/wp-content\/uploads\/2015\/03\/fantastical-2-monat.jpg\" alt=\"fantastical-2-monat\" width=\"700\" height=\"424\" class=\"alignnone size-full wp-image-74841\" srcset=\"https:\/\/images.ifun.de\/wp-content\/uploads\/2015\/03\/fantastical-2-monat.jpg 700w, https:\/\/images.ifun.de\/wp-content\/uploads\/2015\/03\/fantastical-2-monat-300x182.jpg 300w\" sizes=\"auto, (max-width: 700px) 100vw, 700px\" \/><\/a><\/p>\n<p>Im ebenfalls neuen Widget f\u00fcr die Mac-Mitteilungszentrale werden stets die aktuell anstehenden Termine sowie offene Erinnerungen angezeigt. Fantastical integriert hier Apples iCloud-Erinnerungen, neue Aufgaben k\u00f6nnen allerdings auch direkt \u00fcber das das Fantastical-Men\u00fc eingegeben werden. Der Eintrag muss dazu lediglich mit dem Wort \u201eErinnerung\u201c beginnen. Sowohl beim Anlegen von Kalenderterminen als auch Erinnerungen funktioniert weiterhin auch die Spracheingabe am Mac.<\/p>\n<p><a href=\"http:\/\/images.ifun.de\/wp-content\/uploads\/2015\/03\/fantastical-2-widget.jpg\"><img loading=\"lazy\" decoding=\"async\" src=\"http:\/\/images.ifun.de\/wp-content\/uploads\/2015\/03\/fantastical-2-widget.jpg\" alt=\"fantastical-2-widget\" width=\"700\" height=\"418\" class=\"alignnone size-full wp-image-74839\" srcset=\"https:\/\/images.ifun.de\/wp-content\/uploads\/2015\/03\/fantastical-2-widget.jpg 700w, https:\/\/images.ifun.de\/wp-content\/uploads\/2015\/03\/fantastical-2-widget-300x179.jpg 300w\" sizes=\"auto, (max-width: 700px) 100vw, 700px\" \/><\/a><\/p>\n<p>Anwendern, die mit vielen verschiedenen Kalender jonglieren m\u00fcssen, wird die M\u00f6glichkeit, Kalendergruppen anzulegen zugute kommen. Statt zwischen einzelnen Kalendern hin- und herzuschalten, k\u00f6nnt ihr beispielsweise in der einen Gruppe Privat, Familie und Feiertage und in einer weiteren Gruppe Gesch\u00e4ftstermine und Feiertage f\u00fcr die Ansicht zusammenfassen. Wenn gew\u00fcnscht, lassen sich die unterschiedlichen Sets sogar ortsabh\u00e4ngig automatisch aktivieren.<\/p>\n<p>Fantastical 2 arbeitet nahtlos mit Apples Kalender-App zusammen und erlaubt zudem die Einbindung von iCloud-, Google- oder Yahoo-Kalendern.<\/p>\n<p>Die neue App ist f\u00fcr begrenzte Zeit zum Einf\u00fchrungspreis von 39,99 Euro erh\u00e4ltlich und soll sp\u00e4ter dann f\u00fcr 49,99 Euro <a href=\"https:\/\/itunes.apple.com\/de\/app\/fantastical-2-kalender-und\/id975937182?mt=12&#038;uo=4&#038;at=10ltcU\">im Mac App Store<\/a> angeboten werden. Auf der <a href=\"http:\/\/flexibits.com\/fantastical\">Webseite der Entwickler<\/a> steht eine kostenlose Testversion zum Download bereit. <\/p>\n<p><div class=\"responsive-video\"><iframe loading=\"lazy\" width=\"700\" height=\"394\" src=\"https:\/\/www.youtube-nocookie.com\/embed\/WmiIZU2slwU?rel=0\" frameborder=\"0\" allowfullscreen><\/iframe><\/div><\/p>\n","protected":false},"excerpt":{"rendered":"<a href=\"https:\/\/www.ifun.de\/mac-kalender-fantastical-2-yosemite-optimiert-und-mit-neuen-features-erhaeltlich-74837\/\"><img width=\"150\" height=\"150\" src=\"https:\/\/images.ifun.de\/wp-content\/uploads\/2015\/03\/fantastical-2-header1-150x150.jpg\" class=\"alignright tfe wp-post-image\" alt=\"\" decoding=\"async\" loading=\"lazy\" \/><\/a><p>Flexibits hat mit Fantastical 2 einen f\u00fcr Yosemite optimierten Nachfolger f\u00fcr den beliebten Mac-Men\u00fcleistenkalender Fantasticals ver\u00f6ffentlicht. Die neue Version bringt nicht nur optische Anpassungen sondern unter anderem auch ein Widget f\u00fcr die Mac-Mitteilungszentrale und die M\u00f6glichkeit, die Kalenderansicht bildschirmf\u00fcllend darstellen und mit Kalendergruppen zu arbeiten. Das neue gro\u00dfe Fantastical-Fenster bietet die Wahl zwischen einer Tages-, [&hellip;]<\/p>\n","protected":false},"author":2,"featured_media":74842,"comment_status":"open","ping_status":"closed","sticky":false,"template":"","format":"standard","meta":{"_acf_changed":false,"footnotes":""},"categories":[16,1783],"tags":[151,6321,293,52],"class_list":["post-74837","post","type-post","status-publish","format-standard","has-post-thumbnail","hentry","category-mac","category-feature","tag-kalender","tag-mac","tag-os-x","tag-software"],"acf":[],"aioseo_notices":[],"featured_image":["http:\/\/images.ifun.de\/wp-content\/uploads\/2015\/03\/fantastical-2-header1.jpg"],"rest_api_enabler":{"featured_image":"http:\/\/images.ifun.de\/wp-content\/uploads\/2015\/03\/fantastical-2-header1.jpg"},"_links":{"self":[{"href":"https:\/\/www.ifun.de\/apiv2\/wp\/v2\/posts\/74837","targetHints":{"allow":["GET"]}}],"collection":[{"href":"https:\/\/www.ifun.de\/apiv2\/wp\/v2\/posts"}],"about":[{"href":"https:\/\/www.ifun.de\/apiv2\/wp\/v2\/types\/post"}],"author":[{"embeddable":true,"href":"https:\/\/www.ifun.de\/apiv2\/wp\/v2\/users\/2"}],"replies":[{"embeddable":true,"href":"https:\/\/www.ifun.de\/apiv2\/wp\/v2\/comments?post=74837"}],"version-history":[{"count":5,"href":"https:\/\/www.ifun.de\/apiv2\/wp\/v2\/posts\/74837\/revisions"}],"predecessor-version":[{"id":82141,"href":"https:\/\/www.ifun.de\/apiv2\/wp\/v2\/posts\/74837\/revisions\/82141"}],"wp:featuredmedia":[{"embeddable":true,"href":"https:\/\/www.ifun.de\/apiv2\/wp\/v2\/media\/74842"}],"wp:attachment":[{"href":"https:\/\/www.ifun.de\/apiv2\/wp\/v2\/media?parent=74837"}],"wp:term":[{"taxonomy":"category","embeddable":true,"href":"https:\/\/www.ifun.de\/apiv2\/wp\/v2\/categories?post=74837"},{"taxonomy":"post_tag","embeddable":true,"href":"https:\/\/www.ifun.de\/apiv2\/wp\/v2\/tags?post=74837"}],"curies":[{"name":"wp","href":"https:\/\/api.w.org\/{rel}","templated":true}]}}