{"id":74754,"date":"2015-03-24T07:23:44","date_gmt":"2015-03-24T06:23:44","guid":{"rendered":"http:\/\/www.ifun.de\/?p=74754"},"modified":"2015-03-24T07:23:44","modified_gmt":"2015-03-24T06:23:44","slug":"audiosoftware-pro-tools-bietet-mit-version-12-auch-abomodell-an","status":"publish","type":"post","link":"https:\/\/www.ifun.de\/audiosoftware-pro-tools-bietet-mit-version-12-auch-abomodell-an-74754\/","title":{"rendered":"Audiosoftware Pro Tools bietet mit Version 12 auch Abomodell an"},"content":{"rendered":"<p>Mit <a href=\"https:\/\/www.avid.com\/DE\/products\/pro-tools-software\">Pro Tools 12<\/a> ist eines der bekanntesten Programme f\u00fcr Musikproduktion und zugleich direkter Konkurrent von Apples Audiosoftware <a href=\"https:\/\/itunes.apple.com\/de\/app\/logic-pro-x\/id634148309?mt=12&amp;uo=4&amp;at=10ltcU\">Logic Pro X<\/a> k\u00fcnftig auch per Abo erh\u00e4ltlich.<\/p>\n<p><a href=\"http:\/\/images.ifun.de\/wp-content\/uploads\/2015\/03\/protools-12.jpg\"><img loading=\"lazy\" decoding=\"async\" src=\"http:\/\/images.ifun.de\/wp-content\/uploads\/2015\/03\/protools-12.jpg\" alt=\"protools-12\" width=\"500\" height=\"313\" class=\"alignnone size-full wp-image-74756\" srcset=\"https:\/\/images.ifun.de\/wp-content\/uploads\/2015\/03\/protools-12.jpg 500w, https:\/\/images.ifun.de\/wp-content\/uploads\/2015\/03\/protools-12-300x188.jpg 300w\" sizes=\"auto, (max-width: 500px) 100vw, 500px\" \/><\/a><\/p>\n<p>Avid hat bereits eine <a href=\"http:\/\/shop.avid.com\/ccrz__Products?viewState=ListView&amp;cartID=&amp;categoryId=a3yi00000000127AAA&amp;&amp;store=shop\">\u00dcbersicht der neuen Lizenzoptionen<\/a> ver\u00f6ffentlicht. Demnach k\u00f6nnen Kunden das Programm k\u00fcnftig zwar auch weiterhin als Vollversion mit Upgrade-Garantie erwerben, alternativ werden aber auch Abos mit monatlicher Laufzeit zu 35 Euro oder bei Abschluss f\u00fcr ein ganzes Jahr zu 28 Euro pro Monat angeboten. F\u00fcr Einsteiger soll mit <a href=\"http:\/\/apps.avid.com\/ProToolsFirst\/\">Pro Tools First<\/a> in K\u00fcrze auch eine kostenlose Version mit eingeschr\u00e4nktem Umfang zur Verf\u00fcgung stehen.<\/p>\n<p>Neben den neuen Lizensierungsoptionen bietet Pro Tools 12 mit der \u201eAvid Cloud Collaboration\u201c eine M\u00f6glichkeit, gemeinsam online an Musikprojekten zu arbeiten. Ebenfalls neu ist der \u201eAvid Marktplatz\u201c als Onlineshop f\u00fcr Plugins und Erweiterungen.<\/p>\n","protected":false},"excerpt":{"rendered":"<a href=\"https:\/\/www.ifun.de\/audiosoftware-pro-tools-bietet-mit-version-12-auch-abomodell-an-74754\/\"><img width=\"150\" height=\"150\" src=\"https:\/\/images.ifun.de\/wp-content\/uploads\/2015\/03\/protools-12-150x150.jpg\" class=\"alignright tfe wp-post-image\" alt=\"\" decoding=\"async\" loading=\"lazy\" \/><\/a><p>Mit Pro Tools 12 ist eines der bekanntesten Programme f\u00fcr Musikproduktion und zugleich direkter Konkurrent von Apples Audiosoftware Logic Pro X k\u00fcnftig auch per Abo erh\u00e4ltlich. Avid hat bereits eine \u00dcbersicht der neuen Lizenzoptionen ver\u00f6ffentlicht. Demnach k\u00f6nnen Kunden das Programm k\u00fcnftig zwar auch weiterhin als Vollversion mit Upgrade-Garantie erwerben, alternativ werden aber auch Abos mit [&hellip;]<\/p>\n","protected":false},"author":2,"featured_media":74756,"comment_status":"open","ping_status":"closed","sticky":false,"template":"","format":"standard","meta":{"_acf_changed":false,"footnotes":""},"categories":[1],"tags":[392,2669,52],"class_list":["post-74754","post","type-post","status-publish","format-standard","has-post-thumbnail","hentry","category-news","tag-audio","tag-pro-tools","tag-software"],"acf":[],"aioseo_notices":[],"featured_image":["http:\/\/images.ifun.de\/wp-content\/uploads\/2015\/03\/header42.jpg"],"rest_api_enabler":{"featured_image":"http:\/\/images.ifun.de\/wp-content\/uploads\/2015\/03\/header42.jpg"},"_links":{"self":[{"href":"https:\/\/www.ifun.de\/apiv2\/wp\/v2\/posts\/74754","targetHints":{"allow":["GET"]}}],"collection":[{"href":"https:\/\/www.ifun.de\/apiv2\/wp\/v2\/posts"}],"about":[{"href":"https:\/\/www.ifun.de\/apiv2\/wp\/v2\/types\/post"}],"author":[{"embeddable":true,"href":"https:\/\/www.ifun.de\/apiv2\/wp\/v2\/users\/2"}],"replies":[{"embeddable":true,"href":"https:\/\/www.ifun.de\/apiv2\/wp\/v2\/comments?post=74754"}],"version-history":[{"count":1,"href":"https:\/\/www.ifun.de\/apiv2\/wp\/v2\/posts\/74754\/revisions"}],"predecessor-version":[{"id":74757,"href":"https:\/\/www.ifun.de\/apiv2\/wp\/v2\/posts\/74754\/revisions\/74757"}],"wp:featuredmedia":[{"embeddable":true,"href":"https:\/\/www.ifun.de\/apiv2\/wp\/v2\/media\/74756"}],"wp:attachment":[{"href":"https:\/\/www.ifun.de\/apiv2\/wp\/v2\/media?parent=74754"}],"wp:term":[{"taxonomy":"category","embeddable":true,"href":"https:\/\/www.ifun.de\/apiv2\/wp\/v2\/categories?post=74754"},{"taxonomy":"post_tag","embeddable":true,"href":"https:\/\/www.ifun.de\/apiv2\/wp\/v2\/tags?post=74754"}],"curies":[{"name":"wp","href":"https:\/\/api.w.org\/{rel}","templated":true}]}}