{"id":74574,"date":"2015-03-19T09:28:56","date_gmt":"2015-03-19T08:28:56","guid":{"rendered":"http:\/\/www.ifun.de\/?p=74574"},"modified":"2015-03-19T11:32:22","modified_gmt":"2015-03-19T10:32:22","slug":"apple-watch-verkaufsvorbereitungen-laufen-gold-edition-auch-im-online-store","status":"publish","type":"post","link":"https:\/\/www.ifun.de\/apple-watch-verkaufsvorbereitungen-laufen-gold-edition-auch-im-online-store-74574\/","title":{"rendered":"Apple Watch: Verkaufsvorbereitungen laufen &#8211; Gold Edition auch im Online-Store?"},"content":{"rendered":"<p>Der 10. April wird f\u00fcr Apple-Mitarbeiter wie auch f\u00fcr Apple-Kunden spannend. In der Nacht zuvor werden in in Deutschland, den USA, Australien, China, Frankreich, Gro\u00dfbritannien, Hong Kong, Japan und Kanada die Apple-Ladengesch\u00e4fte umgebaut und f\u00fcr die Pr\u00e4sentation der <a href=\"http:\/\/www.apple.com\/de\/watch\/\">Apple Watch<\/a> vorbereitet. Ein enormer logistischer Aufwand, der zudem von umfangreichen Mitarbeiterschulungen im Vorfeld begleitet wird. In den beiden auf den 10. April folgenden Wochen haben Interessenten die Gelegenheit, das neue Apple-Produkt ausf\u00fchrlich zu begutachten, anzuprobieren und bei Gefallen auch vorzubestellen.<\/p>\n<p><a href=\"http:\/\/images.ifun.de\/wp-content\/uploads\/2015\/03\/apple-watch-500.jpg\"><img loading=\"lazy\" decoding=\"async\" src=\"http:\/\/images.ifun.de\/wp-content\/uploads\/2015\/03\/apple-watch-500.jpg\" alt=\"apple-watch-500\" width=\"500\" height=\"279\" class=\"alignnone size-full wp-image-74579\" srcset=\"https:\/\/images.ifun.de\/wp-content\/uploads\/2015\/03\/apple-watch-500.jpg 500w, https:\/\/images.ifun.de\/wp-content\/uploads\/2015\/03\/apple-watch-500-300x167.jpg 300w\" sizes=\"auto, (max-width: 500px) 100vw, 500px\" \/><\/a><\/p>\n<p>Zumindest in den ersten Tagen d\u00fcrfte der Andrang enorm sein und es w\u00fcrde uns nicht wundern, wenn sich bereits zu dieser erstm\u00f6glichen Begutachtung die sonst beim Verkaufsstart \u00fcblichen Warteschlangen vor verschiedenen Apple Stores bilden. Das Personal der Stores darf sich ohne Frage auf anstrengende Tage einstellen.<\/p>\n<p>Damit alles glatt l\u00e4uft, sollen die f\u00fcr die f\u00fcr die Pr\u00e4sentation der Uhr zust\u00e4ndigen Mitarbeiter von n\u00e4chster Woche an intensiv geschult werden und dann auch das erste Mal pers\u00f6nlich mit der Uhr in Ber\u00fchrung kommen. Dies berichtet zumindest die amerikanische Webseite <a href=\"http:\/\/www.macrumors.com\">Mac Rumors<\/a>, der offenbar auch die in diesem Zusammenhang von Apple verwendeten Fortbildungsunterlagen vorliegen. Demnach k\u00f6nnen Interessenten die Uhr nicht nur hinter Glas betrachten, sondern haben auch die M\u00f6glichkeit, das Ger\u00e4t selbst an- und auszuprobieren. Pro Kunde sollen hierf\u00fcr 15 Minuten Zeit einger\u00e4umt werden. Dar\u00fcber hinaus kann man sich umfassend \u00fcber die verschiedenen Variante und Kombinationsm\u00f6glichkeiten informieren.<\/p>\n<p><a href=\"http:\/\/images.ifun.de\/wp-content\/uploads\/2015\/03\/apple-watch-training.jpg\"><img loading=\"lazy\" decoding=\"async\" src=\"http:\/\/images.ifun.de\/wp-content\/uploads\/2015\/03\/apple-watch-training.jpg\" alt=\"apple-watch-training\" width=\"700\" height=\"495\" class=\"alignnone size-full wp-image-74580\" srcset=\"https:\/\/images.ifun.de\/wp-content\/uploads\/2015\/03\/apple-watch-training.jpg 700w, https:\/\/images.ifun.de\/wp-content\/uploads\/2015\/03\/apple-watch-training-300x212.jpg 300w\" sizes=\"auto, (max-width: 700px) 100vw, 700px\" \/><\/a><\/p>\n<p>Die goldene Version der Uhr steht nach Angaben von Apple jedoch nicht in allen Apple Stores zur Ansicht bereit. Hier ist von ausgew\u00e4hlten Filialen die Rede, zudem ist anzunehmen, dass das Luxusmodell in den drei ebenfalls f\u00fcr eine Vorabpr\u00e4sentation ausgew\u00e4hlten Kaufh\u00e4usern <a href=\"http:\/\/www.ifun.de\/neue-store-deko-und-extra-shops-vorbereitungen-fuer-start-der-apple-watch-laufen-74380\/\">Galeries Lafayette in Paris, Isetan in Tokio und Selfridges in London<\/a> pr\u00e4sentiert wird.<\/p>\n<p><h5>Gold Edition mit R\u00fcckgaberecht?<\/h5>\n<p>Spannend ist in jedem Fall auch, ob Apple dann tats\u00e4chlich eine Online-Bestellm\u00f6glichkeit f\u00fcr das High-End-Modell in 18-kar\u00e4tigem Gold anbietet &#8211; derzeit vermittelt das Listing im Apple Store jedenfalls diesen Eindruck. Falls dem so sein sollte, wird mit Blick auf den Wert der Uhr n\u00e4mlich nicht nur interessant, wie die Bestellung ausgeliefert wird, sondern auch, wie mit potenziell nat\u00fcrlich m\u00f6glichen R\u00fcckgaben innerhalb der gesetzlichen 14-Tages-Frist verfahren wird.<\/p>\n<p><a href=\"http:\/\/images.ifun.de\/wp-content\/uploads\/2015\/03\/apple-watch-store-kaufen1.gif\"><img loading=\"lazy\" decoding=\"async\" src=\"http:\/\/images.ifun.de\/wp-content\/uploads\/2015\/03\/apple-watch-store-kaufen1.gif\" alt=\"apple-watch-store-kaufen\" width=\"700\" height=\"462\" class=\"alignnone size-full wp-image-74595\" \/><\/a><\/p>\n<p>Vom 24. April an ist die Apple Watch in den eingangs genannten neun L\u00e4ndern erh\u00e4ltlich. Neben den Apple Stores halten die drei oben bereits erw\u00e4hnten Kaufh\u00e4user sowie verschiedene weitere &#8222;<a href=\"http:\/\/www.ifun.de\/apple-watch-anprobe-und-verkauf-bei-apple-und-in-speziellen-shop-in-shop-stores-74154\/\">Shop-in-Shop Stores<\/a>&#8220; die Uhr dann zum Mitnehmen bereit. Es ist davon auszugehen, dass erste Vorbestellungen aus dem Apple Online-Store ebenfalls bereits an diesem Tag ausgeliefert werden.<img loading=\"lazy\" decoding=\"async\" src=\"http:\/\/vg04.met.vgwort.de\/na\/9fdf8e41d3544de38b78f30565748c1c\" width=\"1\" height=\"1\" class=\"tracking\"><\/p>\n","protected":false},"excerpt":{"rendered":"<a href=\"https:\/\/www.ifun.de\/apple-watch-verkaufsvorbereitungen-laufen-gold-edition-auch-im-online-store-74574\/\"><img width=\"150\" height=\"150\" src=\"https:\/\/images.ifun.de\/wp-content\/uploads\/2015\/03\/apple-watch-header-green-150x150.jpg\" class=\"alignright tfe wp-post-image\" alt=\"\" decoding=\"async\" loading=\"lazy\" \/><\/a><p>Der 10. April wird f\u00fcr Apple-Mitarbeiter wie auch f\u00fcr Apple-Kunden spannend. In der Nacht zuvor werden in in Deutschland, den USA, Australien, China, Frankreich, Gro\u00dfbritannien, Hong Kong, Japan und Kanada die Apple-Ladengesch\u00e4fte umgebaut und f\u00fcr die Pr\u00e4sentation der Apple Watch vorbereitet. Ein enormer logistischer Aufwand, der zudem von umfangreichen Mitarbeiterschulungen im Vorfeld begleitet wird. In [&hellip;]<\/p>\n","protected":false},"author":2,"featured_media":74581,"comment_status":"open","ping_status":"closed","sticky":false,"template":"","format":"standard","meta":{"_acf_changed":false,"footnotes":""},"categories":[3,1783],"tags":[49,2505,994],"class_list":["post-74574","post","type-post","status-publish","format-standard","has-post-thumbnail","hentry","category-apple","category-feature","tag-apple-store","tag-apple-watch","tag-verkaufsstart"],"acf":[],"aioseo_notices":[],"featured_image":["http:\/\/images.ifun.de\/wp-content\/uploads\/2015\/03\/apple-watch-header-green.jpg"],"rest_api_enabler":{"featured_image":"http:\/\/images.ifun.de\/wp-content\/uploads\/2015\/03\/apple-watch-header-green.jpg"},"_links":{"self":[{"href":"https:\/\/www.ifun.de\/apiv2\/wp\/v2\/posts\/74574","targetHints":{"allow":["GET"]}}],"collection":[{"href":"https:\/\/www.ifun.de\/apiv2\/wp\/v2\/posts"}],"about":[{"href":"https:\/\/www.ifun.de\/apiv2\/wp\/v2\/types\/post"}],"author":[{"embeddable":true,"href":"https:\/\/www.ifun.de\/apiv2\/wp\/v2\/users\/2"}],"replies":[{"embeddable":true,"href":"https:\/\/www.ifun.de\/apiv2\/wp\/v2\/comments?post=74574"}],"version-history":[{"count":16,"href":"https:\/\/www.ifun.de\/apiv2\/wp\/v2\/posts\/74574\/revisions"}],"predecessor-version":[{"id":74596,"href":"https:\/\/www.ifun.de\/apiv2\/wp\/v2\/posts\/74574\/revisions\/74596"}],"wp:featuredmedia":[{"embeddable":true,"href":"https:\/\/www.ifun.de\/apiv2\/wp\/v2\/media\/74581"}],"wp:attachment":[{"href":"https:\/\/www.ifun.de\/apiv2\/wp\/v2\/media?parent=74574"}],"wp:term":[{"taxonomy":"category","embeddable":true,"href":"https:\/\/www.ifun.de\/apiv2\/wp\/v2\/categories?post=74574"},{"taxonomy":"post_tag","embeddable":true,"href":"https:\/\/www.ifun.de\/apiv2\/wp\/v2\/tags?post=74574"}],"curies":[{"name":"wp","href":"https:\/\/api.w.org\/{rel}","templated":true}]}}