{"id":74490,"date":"2015-03-17T15:56:22","date_gmt":"2015-03-17T14:56:22","guid":{"rendered":"http:\/\/www.ifun.de\/?p=74490"},"modified":"2015-03-17T15:59:46","modified_gmt":"2015-03-17T14:59:46","slug":"staingate-besitzer-von-retina-macbooks-klagen-ueber-bildschirmflecken","status":"publish","type":"post","link":"https:\/\/www.ifun.de\/staingate-besitzer-von-retina-macbooks-klagen-ueber-bildschirmflecken-74490\/","title":{"rendered":"Besitzer von Retina-MacBooks klagen \u00fcber Bildschirmflecken"},"content":{"rendered":"<p>Apples Retina-MacBooks haben zumindest teilweise Probleme mit der Antireflexbeschichtung der Bildschirme. Mittlerweile h\u00e4ufen sich nicht nur Berichte von Anwendern in den <a href=\"https:\/\/discussions.apple.com\/thread\/6068947?start=0&amp;tstart=0\">Apple-Supportforen<\/a> und per E-Mail, sondern auch der Bildschirm eines unserer MacBooks zeigt erste \u201eAufl\u00f6sungserscheinungen\u201c.<\/p>\n<p><a href=\"http:\/\/images.ifun.de\/wp-content\/uploads\/2015\/03\/macbook-5001.jpg\"><img loading=\"lazy\" decoding=\"async\" src=\"http:\/\/images.ifun.de\/wp-content\/uploads\/2015\/03\/macbook-5001.jpg\" alt=\"macbook-500\" width=\"500\" height=\"354\" class=\"alignnone size-full wp-image-74492\" srcset=\"https:\/\/images.ifun.de\/wp-content\/uploads\/2015\/03\/macbook-5001.jpg 500w, https:\/\/images.ifun.de\/wp-content\/uploads\/2015\/03\/macbook-5001-300x212.jpg 300w\" sizes=\"auto, (max-width: 500px) 100vw, 500px\" \/><\/a><\/p>\n<p>Einfach verst\u00e4ndlich ausgedr\u00fcckt, wird der MacBook-Bildschirm in Folge des Mangels \u201efleckig\u201c. Dies beginnt zun\u00e4chst kaum wahrnehmbar irgendwo am Bildschirmrand, doch berichten nahezu alle betroffenen Nutzer davon, dass sich diese Stellen vermehren bzw. die Flecken gr\u00f6\u00dfer werden. Betroffen sind offenbar alle Generationen MacBook Pro Retina.<\/p>\n<p>Die amerikanische Webseite <a href=\"http:\/\/www.macrumors.com\/2015\/03\/16\/retina-macbook-pro-stained-coating\/\">MacRumors<\/a> verweist auf einen mittlerweile recht umfangreichen Thread dazu in ihren <a href=\"http:\/\/forums.macrumors.com\/showthread.php?t=1624907&amp;page=9\">Diskussionsforen<\/a> und verlinkt zudem auf eine <a href=\"https:\/\/www.facebook.com\/groups\/607572909386595\/\">Facebook-Gruppe zu diesem Thema<\/a>. Erg\u00e4nzend wollen wir mit <a href=\"http:\/\/www.staingate.org\">Staingate.org<\/a> noch auf die Seite verlinken, die dem Kind mit \u201eStaingate\u201c gleich mal einen Namen gegeben hat. Die dort ver\u00f6ffentlichten Fotos zeigen gr\u00f6\u00dftenteils zwar Extremf\u00e4lle, grunds\u00e4tzlich bleibt aber abzuwarten, ob sich die Zahl der Beschwerden diesbez\u00fcglich weiter erh\u00f6ht.<\/p>\n","protected":false},"excerpt":{"rendered":"<a href=\"https:\/\/www.ifun.de\/staingate-besitzer-von-retina-macbooks-klagen-ueber-bildschirmflecken-74490\/\"><img width=\"150\" height=\"150\" src=\"https:\/\/images.ifun.de\/wp-content\/uploads\/2015\/03\/macbook-5001-150x150.jpg\" class=\"alignright tfe wp-post-image\" alt=\"\" decoding=\"async\" loading=\"lazy\" \/><\/a><p>Apples Retina-MacBooks haben zumindest teilweise Probleme mit der Antireflexbeschichtung der Bildschirme. Mittlerweile h\u00e4ufen sich nicht nur Berichte von Anwendern in den Apple-Supportforen und per E-Mail, sondern auch der Bildschirm eines unserer MacBooks zeigt erste \u201eAufl\u00f6sungserscheinungen\u201c. Einfach verst\u00e4ndlich ausgedr\u00fcckt, wird der MacBook-Bildschirm in Folge des Mangels \u201efleckig\u201c. Dies beginnt zun\u00e4chst kaum wahrnehmbar irgendwo am Bildschirmrand, doch [&hellip;]<\/p>\n","protected":false},"author":2,"featured_media":74492,"comment_status":"open","ping_status":"closed","sticky":false,"template":"","format":"standard","meta":{"_acf_changed":false,"footnotes":""},"categories":[16],"tags":[144,177],"class_list":["post-74490","post","type-post","status-publish","format-standard","has-post-thumbnail","hentry","category-mac","tag-macbook","tag-problem"],"acf":[],"aioseo_notices":[],"featured_image":["http:\/\/images.ifun.de\/wp-content\/uploads\/2015\/03\/header29.jpg"],"rest_api_enabler":{"featured_image":"http:\/\/images.ifun.de\/wp-content\/uploads\/2015\/03\/header29.jpg"},"_links":{"self":[{"href":"https:\/\/www.ifun.de\/apiv2\/wp\/v2\/posts\/74490","targetHints":{"allow":["GET"]}}],"collection":[{"href":"https:\/\/www.ifun.de\/apiv2\/wp\/v2\/posts"}],"about":[{"href":"https:\/\/www.ifun.de\/apiv2\/wp\/v2\/types\/post"}],"author":[{"embeddable":true,"href":"https:\/\/www.ifun.de\/apiv2\/wp\/v2\/users\/2"}],"replies":[{"embeddable":true,"href":"https:\/\/www.ifun.de\/apiv2\/wp\/v2\/comments?post=74490"}],"version-history":[{"count":7,"href":"https:\/\/www.ifun.de\/apiv2\/wp\/v2\/posts\/74490\/revisions"}],"predecessor-version":[{"id":74499,"href":"https:\/\/www.ifun.de\/apiv2\/wp\/v2\/posts\/74490\/revisions\/74499"}],"wp:featuredmedia":[{"embeddable":true,"href":"https:\/\/www.ifun.de\/apiv2\/wp\/v2\/media\/74492"}],"wp:attachment":[{"href":"https:\/\/www.ifun.de\/apiv2\/wp\/v2\/media?parent=74490"}],"wp:term":[{"taxonomy":"category","embeddable":true,"href":"https:\/\/www.ifun.de\/apiv2\/wp\/v2\/categories?post=74490"},{"taxonomy":"post_tag","embeddable":true,"href":"https:\/\/www.ifun.de\/apiv2\/wp\/v2\/tags?post=74490"}],"curies":[{"name":"wp","href":"https:\/\/api.w.org\/{rel}","templated":true}]}}