{"id":74133,"date":"2015-03-09T21:00:11","date_gmt":"2015-03-09T20:00:11","guid":{"rendered":"http:\/\/www.ifun.de\/?p=74133"},"modified":"2015-03-09T21:02:28","modified_gmt":"2015-03-09T20:02:28","slug":"alte-macbooks-mit-mehr-leistung-teure-adapter-fuer-apples-12-macbook","status":"publish","type":"post","link":"https:\/\/www.ifun.de\/alte-macbooks-mit-mehr-leistung-teure-adapter-fuer-apples-12-macbook-74133\/","title":{"rendered":"&#8222;Alte&#8220; MacBooks mit mehr Leistung &#8211; Teure Adapter f\u00fcr Apples 12&#8243;-MacBook"},"content":{"rendered":"<p>Im Beiprogramm zur Neuvorstellung des 12\u201c-Retina-MacBook hat Apple auch das bestehende <a href=\"http:\/\/ifun.de\/applestore\/http:\/\/store.apple.com\/de\/go\/macbook\">MacBook-Line-up<\/a> aktualisiert.<\/p>\n<p><a href=\"http:\/\/images.ifun.de\/wp-content\/uploads\/2013\/09\/macbook-trackpad.jpg\"><img loading=\"lazy\" decoding=\"async\" src=\"http:\/\/images.ifun.de\/wp-content\/uploads\/2013\/09\/macbook-trackpad.jpg\" alt=\"macbook-trackpad\" width=\"500\" height=\"343\" class=\"alignnone size-full wp-image-46333\" srcset=\"https:\/\/images.ifun.de\/wp-content\/uploads\/2013\/09\/macbook-trackpad.jpg 500w, https:\/\/images.ifun.de\/wp-content\/uploads\/2013\/09\/macbook-trackpad-300x205.jpg 300w\" sizes=\"auto, (max-width: 500px) 100vw, 500px\" \/><\/a><\/p>\n<p>Das 13-Zoll MacBook Pro mit Retina Display ist jetzt mit dem gemeinsam mit dem neuen 12\u201c-Notebook vorgestellten Force Touch Trackpad ausgestattet und wird ab sofort mit Intel-Prozessoren der f\u00fcnften Generation und neuer Intel Iris 6100 Grafik ausgeliefert. Zudem hat Apple auch das Macbook Air mit mit 11\u201c und 13\u201c Bildschirmgr\u00f6\u00dfe mit Intel Core Prozessoren der f\u00fcnften Generation, Intel HD 6000 Grafik sowie Thunderbolt 2 ausgestattet. Die 13\u201c-Modelle der Pro- und Air-Serien kommen k\u00fcnftig zudem mit schnellerem Flash-Speicher.<\/p>\n<p><strong>Apple zum neuen Force Touch Trackpad:<\/strong><\/p>\n<blockquote>\n<p>Das 13-Zoll MacBook Pro mit Retina Display verf\u00fcgt \u00fcber das brandneue Force Touch Trackpad, welches eine neue Dimension von Interaktivit\u00e4t auf den Mac bringt. Das neue Trackpad verf\u00fcgt \u00fcber eingebaute Drucksensoren, welche es erlauben, \u00fcberall klicken zu k\u00f6nnen, und eine haptische R\u00fcckmeldung, welche sich reaktionsschnell und einheitlich anf\u00fchlt. Es ist sogar m\u00f6glich, die Empfindlichkeit des Trackpads zu personalisieren, indem man den ben\u00f6tigten Druck ver\u00e4ndert, bei dem ein Klick registriert wird. Das Force Touch Trackpad erm\u00f6glicht auch eine neue Geste namens Force Klick, ein Klick, gefolgt von einem tieferen Dr\u00fccken, f\u00fcr Aufgaben wie beispielsweise eine Definition eines Wortes hervorzurufen, schnell eine Landkarte einzusehen oder einen fl\u00fcchtigen Blick auf eine Dateivorschau zu werfen.<\/p>\n<\/blockquote>\n<p>Die \u00fcberarbeiteten Notebooks sind ab sofort im Apple Store verf\u00fcgbar. Der Einstiegspreis f\u00fcr das MacBook Pro mit 13\u201c liegt bei 1449 Euro, das MacBook Air ist mit 11\u201c ab 999 Euro und mit 13\u201c ab 1099 Euro verf\u00fcgbar.<\/p>\n<h2>USB-C-Adapter: Ein teurer Spa\u00df<\/h2>\n<p>Ein Nachschlag noch zum heute neu vorgestellten, ultrad\u00fcnnen <a href=\"http:\/\/www.ifun.de\/macbook-retina-12-apple-stellt-neue-macbook-generation-vor-74120\/\" title=\"MacBook Retina 12\u2033: Apple stellt neue MacBook-Generation vor\">MacBook mit 12\u201c-Bildschirm<\/a>. Im Apple Onlinestore finden sich nun auch die zugeh\u00f6rigen Adapter inklusive Preisangabe. Wer mehr als den reinen <a href=\"http:\/\/ifun.de\/applestore\/http:\/\/store.apple.com\/de\/go\/product\/MJ1M2\">USB-Adapter f\u00fcr 19 Euro<\/a> will, wird mit stolzen 89 Euro zur Kasse gebeten. Zu diesem Preis gibt es sogenannte <a href=\"http:\/\/store.apple.com\/de\/search\/usb-c\">Multi-Adapter<\/a>, die neben USB auch noch eine Anschlussm\u00f6glichkeit f\u00fcr HDMI oder VGA bieten.<\/p>\n<p><a href=\"http:\/\/images.ifun.de\/wp-content\/uploads\/2015\/03\/kabel-700.jpg\"><img loading=\"lazy\" decoding=\"async\" src=\"http:\/\/images.ifun.de\/wp-content\/uploads\/2015\/03\/kabel-700.jpg\" alt=\"kabel-700\" width=\"700\" height=\"225\" class=\"alignnone size-full wp-image-74134\" srcset=\"https:\/\/images.ifun.de\/wp-content\/uploads\/2015\/03\/kabel-700.jpg 700w, https:\/\/images.ifun.de\/wp-content\/uploads\/2015\/03\/kabel-700-300x96.jpg 300w\" sizes=\"auto, (max-width: 700px) 100vw, 700px\" \/><\/a><\/p>\n","protected":false},"excerpt":{"rendered":"<a href=\"https:\/\/www.ifun.de\/alte-macbooks-mit-mehr-leistung-teure-adapter-fuer-apples-12-macbook-74133\/\"><img width=\"150\" height=\"150\" src=\"https:\/\/images.ifun.de\/wp-content\/uploads\/2013\/10\/macbook-air-header-150x150.jpg\" class=\"alignright tfe wp-post-image\" alt=\"\" decoding=\"async\" loading=\"lazy\" \/><\/a><p>Im Beiprogramm zur Neuvorstellung des 12\u201c-Retina-MacBook hat Apple auch das bestehende MacBook-Line-up aktualisiert. Das 13-Zoll MacBook Pro mit Retina Display ist jetzt mit dem gemeinsam mit dem neuen 12\u201c-Notebook vorgestellten Force Touch Trackpad ausgestattet und wird ab sofort mit Intel-Prozessoren der f\u00fcnften Generation und neuer Intel Iris 6100 Grafik ausgeliefert. Zudem hat Apple auch das [&hellip;]<\/p>\n","protected":false},"author":2,"featured_media":48551,"comment_status":"open","ping_status":"closed","sticky":false,"template":"","format":"standard","meta":{"_acf_changed":false,"footnotes":""},"categories":[16],"tags":[6321,144,293],"class_list":["post-74133","post","type-post","status-publish","format-standard","has-post-thumbnail","hentry","category-mac","tag-mac","tag-macbook","tag-os-x"],"acf":[],"aioseo_notices":[],"featured_image":["http:\/\/images.ifun.de\/wp-content\/uploads\/2015\/01\/macbook-air-header.jpg"],"rest_api_enabler":{"featured_image":"http:\/\/images.ifun.de\/wp-content\/uploads\/2015\/01\/macbook-air-header.jpg"},"_links":{"self":[{"href":"https:\/\/www.ifun.de\/apiv2\/wp\/v2\/posts\/74133","targetHints":{"allow":["GET"]}}],"collection":[{"href":"https:\/\/www.ifun.de\/apiv2\/wp\/v2\/posts"}],"about":[{"href":"https:\/\/www.ifun.de\/apiv2\/wp\/v2\/types\/post"}],"author":[{"embeddable":true,"href":"https:\/\/www.ifun.de\/apiv2\/wp\/v2\/users\/2"}],"replies":[{"embeddable":true,"href":"https:\/\/www.ifun.de\/apiv2\/wp\/v2\/comments?post=74133"}],"version-history":[{"count":2,"href":"https:\/\/www.ifun.de\/apiv2\/wp\/v2\/posts\/74133\/revisions"}],"predecessor-version":[{"id":74137,"href":"https:\/\/www.ifun.de\/apiv2\/wp\/v2\/posts\/74133\/revisions\/74137"}],"wp:featuredmedia":[{"embeddable":true,"href":"https:\/\/www.ifun.de\/apiv2\/wp\/v2\/media\/48551"}],"wp:attachment":[{"href":"https:\/\/www.ifun.de\/apiv2\/wp\/v2\/media?parent=74133"}],"wp:term":[{"taxonomy":"category","embeddable":true,"href":"https:\/\/www.ifun.de\/apiv2\/wp\/v2\/categories?post=74133"},{"taxonomy":"post_tag","embeddable":true,"href":"https:\/\/www.ifun.de\/apiv2\/wp\/v2\/tags?post=74133"}],"curies":[{"name":"wp","href":"https:\/\/api.w.org\/{rel}","templated":true}]}}