{"id":74084,"date":"2015-03-09T21:00:35","date_gmt":"2015-03-09T20:00:35","guid":{"rendered":"http:\/\/www.ifun.de\/?p=74084"},"modified":"2015-03-09T21:14:01","modified_gmt":"2015-03-09T20:14:01","slug":"apple-event","status":"publish","type":"post","link":"https:\/\/www.ifun.de\/apple-event-74084\/","title":{"rendered":"Apple-Event: Alle News im \u00dcberblick"},"content":{"rendered":"<p>F\u00fcr den schnellen \u00dcberblick haben wir hier eine Liste mit allen relevanten Neuigkeiten im Zusammenhang mit Apples &#8222;Spring forward&#8220;-Event:<\/p>\n<p><a href=\"http:\/\/images.ifun.de\/wp-content\/uploads\/2015\/03\/5006.jpg\"><img loading=\"lazy\" decoding=\"async\" src=\"http:\/\/images.ifun.de\/wp-content\/uploads\/2015\/03\/5006.jpg\" alt=\"500\" width=\"500\" height=\"129\" class=\"alignnone size-full wp-image-74128\" srcset=\"https:\/\/images.ifun.de\/wp-content\/uploads\/2015\/03\/5006.jpg 500w, https:\/\/images.ifun.de\/wp-content\/uploads\/2015\/03\/5006-300x77.jpg 300w\" sizes=\"auto, (max-width: 500px) 100vw, 500px\" \/><\/a><\/p>\n<ul>\n<li><a href=\"http:\/\/www.iphone-ticker.de\/apple-watch-details-armband-groessen-apples-batterietests-ladekabel-78609\/\" title=\"Apple Watch Details: Armband-Gr\u00f6\u00dfen, Apples Batterietests, Ladekabel\">Apple Watch Details: Armband-Gr\u00f6\u00dfen, Apples Batterietests, Ladekabel<\/a><\/li>\n<li><a href=\"http:\/\/www.iphone-ticker.de\/apple-veroeffentlicht-ios-8-2-78407\/\" title=\"Alle Neuerungen: Apple ver\u00f6ffentlicht iOS 8.2\">Alle Neuerungen: Apple ver\u00f6ffentlicht iOS 8.2<\/a><\/li>\n<li><a href=\"http:\/\/www.iphone-ticker.de\/apple-watch-die-preise-stehen-erhaeltlich-am-24-april-78573\/\" title=\"Apple Watch ab 399 Euro. Erh\u00e4ltlich am 24. April\">Apple Watch: Apple Watch ab 399 Euro. Erh\u00e4ltlich am 24. April<\/a><\/li>\n<li><a href=\"http:\/\/www.ifun.de\/macbook-retina-12-apple-stellt-neue-macbook-generation-vor-74120\/\" title=\"MacBook Retina 12\u2033: Apple stellt neue MacBook-Generation vor\">MacBook Retina 12\u2033: Apple stellt neue MacBook-Generation vor<\/a><\/li>\n<li><a href=\"http:\/\/www.iphone-ticker.de\/apple-700-mio-verkaufte-iphone-gesundheit-im-fokus-78564\/\" title=\"Apple: 700 Mio. verkaufte iPhones, Gesundheit im Fokus\">Apple: 700 Mio. verkaufte iPhones, Gesundheit im Fokus<\/a><\/li>\n<li><a href=\"http:\/\/www.ifun.de\/apple-tv-nicht-neu-aber-guenstiger-69-euro-und-hbo-now-fuer-die-usa-74109\/\" title=\"Apple TV nicht neu aber g\u00fcnstiger: 69 Euro und HBO Now f\u00fcr die USA\">Apple TV nicht neu aber g\u00fcnstiger: 69 Euro und HBO Now f\u00fcr die USA<\/a><\/li>\n<li><a href=\"http:\/\/www.ifun.de\/alte-macbooks-mit-mehr-leistung-teure-adapter-fuer-apples-12-macbook-74133\/\" title=\"\u201cAlte\u201d MacBooks mit mehr Leistung \u2013 Teure Adapter f\u00fcr Apples 12\u2033-MacBook\">\u201cAlte\u201d MacBooks mit mehr Leistung \u2013 Teure Adapter f\u00fcr Apples 12\u2033-MacBook<\/a><\/li>\n<\/ul>\n","protected":false},"excerpt":{"rendered":"<a href=\"https:\/\/www.ifun.de\/apple-event-74084\/\"><img width=\"150\" height=\"129\" src=\"https:\/\/images.ifun.de\/wp-content\/uploads\/2015\/03\/5006-150x129.jpg\" class=\"alignright tfe wp-post-image\" alt=\"\" decoding=\"async\" loading=\"lazy\" \/><\/a><p>F\u00fcr den schnellen \u00dcberblick haben wir hier eine Liste mit allen relevanten Neuigkeiten im Zusammenhang mit Apples &#8222;Spring forward&#8220;-Event: Apple Watch Details: Armband-Gr\u00f6\u00dfen, Apples Batterietests, Ladekabel Alle Neuerungen: Apple ver\u00f6ffentlicht iOS 8.2 Apple Watch: Apple Watch ab 399 Euro. Erh\u00e4ltlich am 24. April MacBook Retina 12\u2033: Apple stellt neue MacBook-Generation vor Apple: 700 Mio. verkaufte [&hellip;]<\/p>\n","protected":false},"author":2,"featured_media":74128,"comment_status":"closed","ping_status":"closed","sticky":false,"template":"","format":"standard","meta":{"_acf_changed":false,"footnotes":""},"categories":[15],"tags":[],"class_list":["post-74084","post","type-post","status-publish","format-standard","has-post-thumbnail","hentry","category-kurznachrichten"],"acf":[],"aioseo_notices":[],"rest_api_enabler":[],"_links":{"self":[{"href":"https:\/\/www.ifun.de\/apiv2\/wp\/v2\/posts\/74084","targetHints":{"allow":["GET"]}}],"collection":[{"href":"https:\/\/www.ifun.de\/apiv2\/wp\/v2\/posts"}],"about":[{"href":"https:\/\/www.ifun.de\/apiv2\/wp\/v2\/types\/post"}],"author":[{"embeddable":true,"href":"https:\/\/www.ifun.de\/apiv2\/wp\/v2\/users\/2"}],"replies":[{"embeddable":true,"href":"https:\/\/www.ifun.de\/apiv2\/wp\/v2\/comments?post=74084"}],"version-history":[{"count":11,"href":"https:\/\/www.ifun.de\/apiv2\/wp\/v2\/posts\/74084\/revisions"}],"predecessor-version":[{"id":74124,"href":"https:\/\/www.ifun.de\/apiv2\/wp\/v2\/posts\/74084\/revisions\/74124"}],"wp:featuredmedia":[{"embeddable":true,"href":"https:\/\/www.ifun.de\/apiv2\/wp\/v2\/media\/74128"}],"wp:attachment":[{"href":"https:\/\/www.ifun.de\/apiv2\/wp\/v2\/media?parent=74084"}],"wp:term":[{"taxonomy":"category","embeddable":true,"href":"https:\/\/www.ifun.de\/apiv2\/wp\/v2\/categories?post=74084"},{"taxonomy":"post_tag","embeddable":true,"href":"https:\/\/www.ifun.de\/apiv2\/wp\/v2\/tags?post=74084"}],"curies":[{"name":"wp","href":"https:\/\/api.w.org\/{rel}","templated":true}]}}