{"id":73995,"date":"2015-03-06T07:44:23","date_gmt":"2015-03-06T06:44:23","guid":{"rendered":"http:\/\/www.ifun.de\/?p=73995"},"modified":"2015-03-06T07:46:29","modified_gmt":"2015-03-06T06:46:29","slug":"apple-wirbt-bei-aperture-nutzern-fuer-die-neue-fotos-app","status":"publish","type":"post","link":"https:\/\/www.ifun.de\/apple-wirbt-bei-aperture-nutzern-fuer-die-neue-fotos-app-73995\/","title":{"rendered":"Apple wirbt bei Aperture-Nutzern f\u00fcr die neue Fotos-App"},"content":{"rendered":"<p>Apple macht Aperture-Nutzer derzeit per E-Mail darauf aufmerksam, dass die hauseigene Bildverwaltungs- und -bearbeitungssoftware schon bald nicht mehr im Mac App Store erh\u00e4ltlich sein wird.<\/p>\n<p><a href=\"http:\/\/images.ifun.de\/wp-content\/uploads\/2014\/06\/aperture.jpg\"><img loading=\"lazy\" decoding=\"async\" src=\"http:\/\/images.ifun.de\/wp-content\/uploads\/2014\/06\/aperture.jpg\" alt=\"aperture\" width=\"500\" height=\"511\" class=\"alignnone size-full wp-image-62133\" srcset=\"https:\/\/images.ifun.de\/wp-content\/uploads\/2014\/06\/aperture.jpg 500w, https:\/\/images.ifun.de\/wp-content\/uploads\/2014\/06\/aperture-293x300.jpg 293w\" sizes=\"auto, (max-width: 500px) 100vw, 500px\" \/><\/a><\/p>\n<p>Apples Empfehlung ist allerdings die \u00dcbernahme der Aperture-Bibliothek in die neue Foto-App f\u00fcr den Mac, sobald die finale Version dieser Anwendung zusammen mit OS X 10.10.3 freigegeben wird. Optional k\u00f6nne Aperture unter OS X Yosemite aber auch weiter genutzt, nur nicht mehr neu gekauft werden.<br \/>\nErg\u00e4nzend wird in der E-Mail auch noch einmal auf die M\u00f6glichkeit hingewiesen, die neue Fotos-App bereits jetzt im Rahmen der <a href=\"https:\/\/appleseed.apple.com\/sp\/betaprogram\/\">OS X 10.10.3 Public Beta Version<\/a> zu testen.<\/p>\n<p>Wie siehts bei euch aus (sofern ihr Aperture selbst benutzt): Gen\u00fcgen euch die M\u00f6glichkeiten der neuen Fotos-App oder nehmt ihr sucht ihr euch eine Alternative? Adobe wirbt ja bereits um Aperture-Nutzer und verspricht <a href=\"http:\/\/www.ifun.de\/?s=adobe+aperture\">Unterst\u00fctzung f\u00fcr Umsteiger<\/a>, wenn es um die reine Bildbearbeitung geht, k\u00f6nnte aber auch das neue <a href=\"http:\/\/www.ifun.de\/bildbearbeitung-fuer-mac-affinity-photo-spricht-jetzt-deutsch-73251\/\" title=\"Bildbearbeitung f\u00fcr Mac: Affinity Photo spricht jetzt Deutsch\">Affinity Photo<\/a> eine Option sein.<\/p>\n<blockquote><p>\nLieber Aperture Kunde,<\/p>\n<p>im letzten Juni haben wir die neue Fotos App f\u00fcr iOS 8 und OS X Yosemite zusammen mit der iCloud Fotomediathek eingef\u00fchrt, mit der du all deine Fotos in iCloud speichern und von \u00fcberall darauf zugreifen kannst.<\/p>\n<p>Wenn die Fotos App f\u00fcr OS X in diesem Fr\u00fchjahr auf den Markt kommt, wird Aperture nicht mehr zum Kauf im Mac App Store angeboten. Aperture kann weiterhin unter OS X Yosemite verwendet werden, es ist aber nicht mehr m\u00f6glich, zus\u00e4tzliche Kopien der App zu kaufen.<\/p>\n<p>Vorhandene Aperture Mediatheken lassen sich einschlie\u00dflich aller Fotos, Anpassungen, Alben und Schlagw\u00f6rter f\u00fcr die Fotos App f\u00fcr OS X migrieren. Nach der Migration bleibt die Aperture Mediathek intakt. Da Aperture und die Fotos App keine einheitliche Mediathek verwenden, werden nach der Migration vorgenommene \u00c4nderungen nicht in beiden Apps bereitgestellt.<\/p>\n<p>F\u00fcr weitere Infos zur Fotos App f\u00fcr OS X <a href=\"http:\/\/www.apple.com\/de\/osx\/photos-preview\/\">klick bitte hier<\/a>. Wenn du die OS X 10.10.3 Public Beta Version, in der die Fotos App f\u00fcr OS X enthalten ist, testen m\u00f6chtest, <a href=\"https:\/\/appleseed.apple.com\/sp\/betaprogram\/\">klick bitte hier<\/a>.<\/p>\n<p>Vielen Dank f\u00fcr die Verwendung von Aperture. Wir hoffen, dass dir die neue Fotos App f\u00fcr OS X gefallen wird.<\/p>\n<p>Mit freundlichen Gr\u00fc\u00dfen<br \/>\nApple<\/p><\/blockquote>\n<p>(Danke f\u00fcr eure Mails!)<\/p>\n","protected":false},"excerpt":{"rendered":"<a href=\"https:\/\/www.ifun.de\/apple-wirbt-bei-aperture-nutzern-fuer-die-neue-fotos-app-73995\/\"><img width=\"150\" height=\"150\" src=\"https:\/\/images.ifun.de\/wp-content\/uploads\/2013\/11\/aperture-icon.jpg\" class=\"alignright tfe wp-post-image\" alt=\"\" decoding=\"async\" loading=\"lazy\" \/><\/a><p>Apple macht Aperture-Nutzer derzeit per E-Mail darauf aufmerksam, dass die hauseigene Bildverwaltungs- und -bearbeitungssoftware schon bald nicht mehr im Mac App Store erh\u00e4ltlich sein wird. Apples Empfehlung ist allerdings die \u00dcbernahme der Aperture-Bibliothek in die neue Foto-App f\u00fcr den Mac, sobald die finale Version dieser Anwendung zusammen mit OS X 10.10.3 freigegeben wird. Optional k\u00f6nne [&hellip;]<\/p>\n","protected":false},"author":2,"featured_media":50254,"comment_status":"open","ping_status":"closed","sticky":false,"template":"","format":"standard","meta":{"_acf_changed":false,"footnotes":""},"categories":[16],"tags":[1529,307,6321,293],"class_list":["post-73995","post","type-post","status-publish","format-standard","has-post-thumbnail","hentry","category-mac","tag-aperture","tag-fotos","tag-mac","tag-os-x"],"acf":[],"aioseo_notices":[],"featured_image":["http:\/\/images.ifun.de\/wp-content\/uploads\/2015\/02\/aperture-header.jpg"],"rest_api_enabler":{"featured_image":"http:\/\/images.ifun.de\/wp-content\/uploads\/2015\/02\/aperture-header.jpg"},"_links":{"self":[{"href":"https:\/\/www.ifun.de\/apiv2\/wp\/v2\/posts\/73995","targetHints":{"allow":["GET"]}}],"collection":[{"href":"https:\/\/www.ifun.de\/apiv2\/wp\/v2\/posts"}],"about":[{"href":"https:\/\/www.ifun.de\/apiv2\/wp\/v2\/types\/post"}],"author":[{"embeddable":true,"href":"https:\/\/www.ifun.de\/apiv2\/wp\/v2\/users\/2"}],"replies":[{"embeddable":true,"href":"https:\/\/www.ifun.de\/apiv2\/wp\/v2\/comments?post=73995"}],"version-history":[{"count":7,"href":"https:\/\/www.ifun.de\/apiv2\/wp\/v2\/posts\/73995\/revisions"}],"predecessor-version":[{"id":74002,"href":"https:\/\/www.ifun.de\/apiv2\/wp\/v2\/posts\/73995\/revisions\/74002"}],"wp:featuredmedia":[{"embeddable":true,"href":"https:\/\/www.ifun.de\/apiv2\/wp\/v2\/media\/50254"}],"wp:attachment":[{"href":"https:\/\/www.ifun.de\/apiv2\/wp\/v2\/media?parent=73995"}],"wp:term":[{"taxonomy":"category","embeddable":true,"href":"https:\/\/www.ifun.de\/apiv2\/wp\/v2\/categories?post=73995"},{"taxonomy":"post_tag","embeddable":true,"href":"https:\/\/www.ifun.de\/apiv2\/wp\/v2\/tags?post=73995"}],"curies":[{"name":"wp","href":"https:\/\/api.w.org\/{rel}","templated":true}]}}