{"id":73794,"date":"2015-03-02T09:24:32","date_gmt":"2015-03-02T08:24:32","guid":{"rendered":"http:\/\/www.ifun.de\/?p=73794"},"modified":"2015-03-02T16:31:53","modified_gmt":"2015-03-02T15:31:53","slug":"apple-watch-space-gray-ohne-aufpreis-power-reserve-modus-zeigt-nur-uhrzeit","status":"publish","type":"post","link":"https:\/\/www.ifun.de\/apple-watch-space-gray-ohne-aufpreis-power-reserve-modus-zeigt-nur-uhrzeit-73794\/","title":{"rendered":"Apple Watch: Space Gray ohne Aufpreis, \u201ePower Reserve\u201c-Modus zeigt nur Uhrzeit"},"content":{"rendered":"<p>Nach <a href=\"http:\/\/www.ifun.de\/apple-watch-stiehlt-supermodel-die-schau-eigene-stores-fuer-die-apple-uhr-geplant-73336\/\">vergleichbaren Auftritten<\/a> in China, Frankreich und den USA hat es die Apple Watch nun auch in ein britisches Modemagazin geschafft. Das mit der Sunday Times ver\u00f6ffentlichte Magazin <a href=\"http:\/\/www.thesundaytimes.co.uk\/sto\/style\/article1522776.ece\">Style<\/a> h\u00e4lt neben einer Bilderstrecke auch eine erste Angabe zum Preis der schwarzen Ausf\u00fchrung der Sport-Variante der Uhr parat.<\/p>\n<p><a href=\"http:\/\/images.ifun.de\/wp-content\/uploads\/2015\/03\/bild.jpg\"><img loading=\"lazy\" decoding=\"async\" src=\"http:\/\/images.ifun.de\/wp-content\/uploads\/2015\/03\/bild.jpg\" alt=\"bild\" width=\"500\" height=\"333\" class=\"alignnone size-full wp-image-73797\" srcset=\"https:\/\/images.ifun.de\/wp-content\/uploads\/2015\/03\/bild.jpg 500w, https:\/\/images.ifun.de\/wp-content\/uploads\/2015\/03\/bild-300x200.jpg 300w\" sizes=\"auto, (max-width: 500px) 100vw, 500px\" \/><\/a><\/p>\n<h6>(Bild: <a href=\"http:\/\/www.thesundaytimes.co.uk\/sto\/style\/article1522776.ece\">Sunday Times<\/a>)<\/h6>\n<p>Nachdem Apple sich mit Informationen zum Preis der verschiedenen Ausf\u00fchrungen ja weiterhin zur\u00fcckh\u00e4lt, wurde bereits dar\u00fcber <a href=\"http:\/\/www.ifun.de\/was-kostet-die-apple-watch-fuer-349-dollar-gibts-nur-das-einstiegsmodell-73398\/\">spekuliert<\/a>, dass die dunkle \u201eSpace Gray&#8220;-Version der Uhr m\u00f6glicherweise nur gegen einen Aufpreis erh\u00e4ltlich sei. Diese Ger\u00fcchte scheinen nun zumindest ausger\u00e4umt, die Zeitung nennt in der <a href=\"http:\/\/www.thesundaytimes.co.uk\/sto\/style\/article1522776.ece\">Bildbeschreibung<\/a> die selben 349 Dollar, die Apple auch als Einstiegspreis f\u00fcr die \u201eSport-Ausf\u00fchrung\u201c der Uhr angibt.<\/p>\n<p>Mit Blick auf die Uhr am Handgelenk von Top-Model Guinevere Van Seenus vergisst man gerne, dass der Bildschirm der Apple Watch laut den aktuellen Funktionsbeschreibungen in der Regel schlicht dunkel und schwarz ist. Aber auch mit deaktiviertem Display zehren die Prozesse im Hintergrund am Akku der Uhr und so hat Apple offenbar einen sogenannten \u201ePower Reserve\u201c-Modus vorgesehen, bei dem die Apple Watch alle Zusatzfunktionen deaktiviert und nur noch die Uhrzeit anzeigen kann. Diese Funktion soll vermutlich immer dann aktiviert werden, wenn man mal l\u00e4nger auf Tour ist und es nicht mehr rechtzeitig nach Hause ans Ladeger\u00e4t schafft.<\/p>\n<p><h5>Skepsis \u00fcberwiegt<\/h5>\n<p>Letzter Information stammt aus einem Artikel der New York Times mit dem Titel \u201e<a href=\"http:\/\/www.nytimes.com\/2015\/03\/02\/technology\/apples-new-job-selling-a-smartwatch-to-an-uninterested-public.html\">Apple\u2019s New Job: Selling a Smartwatch to an Uninterested Public<\/a>\u201c. Bei dieser \u00dcberschrift f\u00fchlen wir uns zwangsl\u00e4ufig an unsere <a href=\"http:\/\/www.iphone-ticker.de\/die-apple-watch-eine-stimmungsfrage-78194\/\">Umfrage vom Wochenende<\/a> erinnert. Mehr als 13.000 ifun-Leser haben hier mittlerweile abgestimmt und \u00fcber die H\u00e4lfte steht der Apple Watch demnach \u201eskeptisch gegen\u00fcber, l\u00e4sst sich aber gerne \u00fcberraschen\u201c.<\/p>\n<p><a href=\"http:\/\/images.ifun.de\/wp-content\/uploads\/2015\/03\/spacegray.jpg\"><img loading=\"lazy\" decoding=\"async\" src=\"http:\/\/images.ifun.de\/wp-content\/uploads\/2015\/03\/spacegray.jpg\" alt=\"spacegray\" width=\"700\" height=\"415\" class=\"alignnone size-full wp-image-73796\" srcset=\"https:\/\/images.ifun.de\/wp-content\/uploads\/2015\/03\/spacegray.jpg 700w, https:\/\/images.ifun.de\/wp-content\/uploads\/2015\/03\/spacegray-300x178.jpg 300w\" sizes=\"auto, (max-width: 700px) 100vw, 700px\" \/><\/a><\/p>\n","protected":false},"excerpt":{"rendered":"<a href=\"https:\/\/www.ifun.de\/apple-watch-space-gray-ohne-aufpreis-power-reserve-modus-zeigt-nur-uhrzeit-73794\/\"><img width=\"150\" height=\"150\" src=\"https:\/\/images.ifun.de\/wp-content\/uploads\/2015\/03\/bild-150x150.jpg\" class=\"alignright tfe wp-post-image\" alt=\"\" decoding=\"async\" loading=\"lazy\" \/><\/a><p>Nach vergleichbaren Auftritten in China, Frankreich und den USA hat es die Apple Watch nun auch in ein britisches Modemagazin geschafft. Das mit der Sunday Times ver\u00f6ffentlichte Magazin Style h\u00e4lt neben einer Bilderstrecke auch eine erste Angabe zum Preis der schwarzen Ausf\u00fchrung der Sport-Variante der Uhr parat. (Bild: Sunday Times) Nachdem Apple sich mit Informationen [&hellip;]<\/p>\n","protected":false},"author":2,"featured_media":73797,"comment_status":"open","ping_status":"closed","sticky":false,"template":"","format":"standard","meta":{"_acf_changed":false,"footnotes":""},"categories":[1,1783],"tags":[2505],"class_list":["post-73794","post","type-post","status-publish","format-standard","has-post-thumbnail","hentry","category-news","category-feature","tag-apple-watch"],"acf":[],"aioseo_notices":[],"featured_image":["http:\/\/images.ifun.de\/wp-content\/uploads\/2015\/03\/apple-watch-grau-header.jpg"],"rest_api_enabler":{"featured_image":"http:\/\/images.ifun.de\/wp-content\/uploads\/2015\/03\/apple-watch-grau-header.jpg"},"_links":{"self":[{"href":"https:\/\/www.ifun.de\/apiv2\/wp\/v2\/posts\/73794","targetHints":{"allow":["GET"]}}],"collection":[{"href":"https:\/\/www.ifun.de\/apiv2\/wp\/v2\/posts"}],"about":[{"href":"https:\/\/www.ifun.de\/apiv2\/wp\/v2\/types\/post"}],"author":[{"embeddable":true,"href":"https:\/\/www.ifun.de\/apiv2\/wp\/v2\/users\/2"}],"replies":[{"embeddable":true,"href":"https:\/\/www.ifun.de\/apiv2\/wp\/v2\/comments?post=73794"}],"version-history":[{"count":4,"href":"https:\/\/www.ifun.de\/apiv2\/wp\/v2\/posts\/73794\/revisions"}],"predecessor-version":[{"id":73801,"href":"https:\/\/www.ifun.de\/apiv2\/wp\/v2\/posts\/73794\/revisions\/73801"}],"wp:featuredmedia":[{"embeddable":true,"href":"https:\/\/www.ifun.de\/apiv2\/wp\/v2\/media\/73797"}],"wp:attachment":[{"href":"https:\/\/www.ifun.de\/apiv2\/wp\/v2\/media?parent=73794"}],"wp:term":[{"taxonomy":"category","embeddable":true,"href":"https:\/\/www.ifun.de\/apiv2\/wp\/v2\/categories?post=73794"},{"taxonomy":"post_tag","embeddable":true,"href":"https:\/\/www.ifun.de\/apiv2\/wp\/v2\/tags?post=73794"}],"curies":[{"name":"wp","href":"https:\/\/api.w.org\/{rel}","templated":true}]}}