{"id":7303,"date":"2010-12-07T07:58:28","date_gmt":"2010-12-07T06:58:28","guid":{"rendered":"http:\/\/www.ifun.de\/?p=7303"},"modified":"2010-12-07T08:01:06","modified_gmt":"2010-12-07T07:01:06","slug":"gerucht-erste-lieferungen-des-ipad-2-ende-februar","status":"publish","type":"post","link":"https:\/\/www.ifun.de\/gerucht-erste-lieferungen-des-ipad-2-ende-februar-7303\/","title":{"rendered":"Ger\u00fccht: Erste Lieferungen des iPad 2 Ende Februar"},"content":{"rendered":"<p>Laut dem taiwanesischen Brancheninformationsdienst <a href=\"http:\/\/www.digitimes.com\/news\/a20101206PD224.html\">DigiTimes<\/a> soll die Auslieferung der zweiten iPad-Generation bereits Ende Februar 2011 anlaufen. Apple habe urspr\u00fcnglich sogar einen fr\u00fcheren Starttermin ins Auge gefasst, diesen aufgrund der noch nicht komplett abgeschlossenen Testphase f\u00fcr die Ger\u00e4tesoftware jedoch nach hinten verschoben. Demzufolge w\u00e4re ein Verkaufsstart im M\u00e4rz wahrscheinlich.<br \/>\nDiese &#8211; nat\u00fcrlich unbest\u00e4tigten &#8211; Ger\u00fcchte decken sich mit entsprechenden Spekulationen aus dem November. Damals wurde damit gerechnet, dass erste Einheiten im Dezember an Apple geliefert werden und die Produktion im Februar bereits auf Hochtouren l\u00e4uft. <\/p>\n<p>Die DigiTimes berichtet weiter, dass Apple wohl plane die Lagebest\u00e4nde der ersten iPad-Generation im M\u00e4rz auslaufen zu lassen. Vermutlich wird das Unternehmen im Januar noch einmal abschlie\u00dfend etwa 1,7 Millionen Ger\u00e4te der alten Generation bestellen. (via <a href=\"http:\/\/www.appleinsider.com\/articles\/10\/12\/07\/foxconn_to_ship_next_gen_ipad_in_next_100_days.html\">AppleInsider<\/a>)<\/p>\n","protected":false},"excerpt":{"rendered":"<p>Laut dem taiwanesischen Brancheninformationsdienst DigiTimes soll die Auslieferung der zweiten iPad-Generation bereits Ende Februar 2011 anlaufen. Apple habe urspr\u00fcnglich sogar einen fr\u00fcheren Starttermin ins Auge gefasst, diesen aufgrund der noch nicht komplett abgeschlossenen Testphase f\u00fcr die Ger\u00e4tesoftware jedoch nach hinten verschoben. Demzufolge w\u00e4re ein Verkaufsstart im M\u00e4rz wahrscheinlich. Diese &#8211; nat\u00fcrlich unbest\u00e4tigten &#8211; Ger\u00fcchte decken [&hellip;]<\/p>\n","protected":false},"author":2,"featured_media":0,"comment_status":"open","ping_status":"closed","sticky":false,"template":"","format":"standard","meta":{"_acf_changed":false,"footnotes":""},"categories":[18],"tags":[55,4740],"class_list":["post-7303","post","type-post","status-publish","format-standard","hentry","category-rumors","tag-gerucht","tag-ipad"],"acf":[],"aioseo_notices":[],"rest_api_enabler":[],"_links":{"self":[{"href":"https:\/\/www.ifun.de\/apiv2\/wp\/v2\/posts\/7303","targetHints":{"allow":["GET"]}}],"collection":[{"href":"https:\/\/www.ifun.de\/apiv2\/wp\/v2\/posts"}],"about":[{"href":"https:\/\/www.ifun.de\/apiv2\/wp\/v2\/types\/post"}],"author":[{"embeddable":true,"href":"https:\/\/www.ifun.de\/apiv2\/wp\/v2\/users\/2"}],"replies":[{"embeddable":true,"href":"https:\/\/www.ifun.de\/apiv2\/wp\/v2\/comments?post=7303"}],"version-history":[{"count":7,"href":"https:\/\/www.ifun.de\/apiv2\/wp\/v2\/posts\/7303\/revisions"}],"predecessor-version":[{"id":7310,"href":"https:\/\/www.ifun.de\/apiv2\/wp\/v2\/posts\/7303\/revisions\/7310"}],"wp:attachment":[{"href":"https:\/\/www.ifun.de\/apiv2\/wp\/v2\/media?parent=7303"}],"wp:term":[{"taxonomy":"category","embeddable":true,"href":"https:\/\/www.ifun.de\/apiv2\/wp\/v2\/categories?post=7303"},{"taxonomy":"post_tag","embeddable":true,"href":"https:\/\/www.ifun.de\/apiv2\/wp\/v2\/tags?post=7303"}],"curies":[{"name":"wp","href":"https:\/\/api.w.org\/{rel}","templated":true}]}}