{"id":72913,"date":"2015-02-11T08:04:50","date_gmt":"2015-02-11T07:04:50","guid":{"rendered":"http:\/\/www.ifun.de\/?p=72913"},"modified":"2015-02-11T08:05:17","modified_gmt":"2015-02-11T07:05:17","slug":"prozessor-upgrade-fuer-macbook-air-am-24-februar","status":"publish","type":"post","link":"https:\/\/www.ifun.de\/prozessor-upgrade-fuer-macbook-air-am-24-februar-72913\/","title":{"rendered":"Intel Broadwell: Prozessor-Upgrade f\u00fcr MacBook Air am 24. Februar?"},"content":{"rendered":"<p>Die Hinweise auf ein kommendes Upgrade f\u00fcr das MacBook Air verdichten sich derzeit. Laut Informationen der US-Webseite <a href=\"http:\/\/appleinsider.com\/articles\/15\/02\/10\/apple-gearing-up-for-early-2015-macbook-air-refresh-begins-pruning-inventory\">AppleInsider<\/a> laufen bei Apple derzeit erste Vorbereitungen f\u00fcr die Einf\u00fchrung neuer Modelle in den kommenden Wochen.<\/p>\n<p><a href=\"http:\/\/images.ifun.de\/wp-content\/uploads\/2013\/06\/macbookair1.jpg\"><img loading=\"lazy\" decoding=\"async\" src=\"http:\/\/images.ifun.de\/wp-content\/uploads\/2013\/06\/macbookair1.jpg\" alt=\"macbookair\" width=\"500\" height=\"170\" class=\"aligncenter size-full wp-image-41780\" srcset=\"https:\/\/images.ifun.de\/wp-content\/uploads\/2013\/06\/macbookair1.jpg 500w, https:\/\/images.ifun.de\/wp-content\/uploads\/2013\/06\/macbookair1-300x102.jpg 300w\" sizes=\"auto, (max-width: 500px) 100vw, 500px\" \/><\/a><\/p>\n<p>Konkret sollen internationale Handelspartner erste Hinweise auf das bevorstehende Upgrade bekommen haben, zudem habe Apple die Nachschub-Lieferungen f\u00fcr H\u00e4ndler gestoppt und Preissenkungen f\u00fcr die aktuellen Modelle zugestimmt. Hauptmerkmal der neuen Ger\u00e4te soll der Wechsel auf die neuen <a href=\"http:\/\/de.wikipedia.org\/wiki\/Intel-Broadwell-Mikroarchitektur\">Broadwell-Prozessoren<\/a> von Intel und damit wie bei derartigen Upgrades \u00fcblich eine Leistungsverbesserung sein.<\/p>\n<p>Im Gespr\u00e4ch ist seit einiger Zeit der 24. Februar als Termin f\u00fcr ein \u201estilles Upgrade\u201c des MacBook Air. Diese Ger\u00fcchte haben urspr\u00fcngliche Spekulationen dahingehend, dass Apple mit einem neuen, <a href=\"http:\/\/www.ifun.de\/12-macbook-air-usb-angeblich-einziger-anschluss-71371\/\">extrem d\u00fcnnen MacBook Air mit 12\u201c-Bildschirm<\/a> die existierenden Modelle abl\u00f6st, zumindest zurzeit verdr\u00e4ngt. Das 12\u201c-Modell ist allerdings nicht komplett aus dem Rennen, mit einer Markteinf\u00fchrung im Fr\u00fchjahr wird weiterhin gerechnet.<\/p>\n","protected":false},"excerpt":{"rendered":"<a href=\"https:\/\/www.ifun.de\/prozessor-upgrade-fuer-macbook-air-am-24-februar-72913\/\"><img width=\"150\" height=\"150\" src=\"https:\/\/images.ifun.de\/wp-content\/uploads\/2015\/01\/macbook-air-header-150x150.jpg\" class=\"alignright tfe wp-post-image\" alt=\"\" decoding=\"async\" loading=\"lazy\" \/><\/a><p>Die Hinweise auf ein kommendes Upgrade f\u00fcr das MacBook Air verdichten sich derzeit. Laut Informationen der US-Webseite AppleInsider laufen bei Apple derzeit erste Vorbereitungen f\u00fcr die Einf\u00fchrung neuer Modelle in den kommenden Wochen. Konkret sollen internationale Handelspartner erste Hinweise auf das bevorstehende Upgrade bekommen haben, zudem habe Apple die Nachschub-Lieferungen f\u00fcr H\u00e4ndler gestoppt und Preissenkungen [&hellip;]<\/p>\n","protected":false},"author":2,"featured_media":71608,"comment_status":"open","ping_status":"closed","sticky":false,"template":"","format":"standard","meta":{"_acf_changed":false,"footnotes":""},"categories":[18],"tags":[3910,344,700],"class_list":["post-72913","post","type-post","status-publish","format-standard","has-post-thumbnail","hentry","category-rumors","tag-geruechte","tag-macbook-air","tag-upgrade"],"acf":[],"aioseo_notices":[],"featured_image":["http:\/\/images.ifun.de\/wp-content\/uploads\/2013\/10\/macbook-air-header.jpg"],"rest_api_enabler":{"featured_image":"http:\/\/images.ifun.de\/wp-content\/uploads\/2013\/10\/macbook-air-header.jpg"},"_links":{"self":[{"href":"https:\/\/www.ifun.de\/apiv2\/wp\/v2\/posts\/72913","targetHints":{"allow":["GET"]}}],"collection":[{"href":"https:\/\/www.ifun.de\/apiv2\/wp\/v2\/posts"}],"about":[{"href":"https:\/\/www.ifun.de\/apiv2\/wp\/v2\/types\/post"}],"author":[{"embeddable":true,"href":"https:\/\/www.ifun.de\/apiv2\/wp\/v2\/users\/2"}],"replies":[{"embeddable":true,"href":"https:\/\/www.ifun.de\/apiv2\/wp\/v2\/comments?post=72913"}],"version-history":[{"count":2,"href":"https:\/\/www.ifun.de\/apiv2\/wp\/v2\/posts\/72913\/revisions"}],"predecessor-version":[{"id":72915,"href":"https:\/\/www.ifun.de\/apiv2\/wp\/v2\/posts\/72913\/revisions\/72915"}],"wp:featuredmedia":[{"embeddable":true,"href":"https:\/\/www.ifun.de\/apiv2\/wp\/v2\/media\/71608"}],"wp:attachment":[{"href":"https:\/\/www.ifun.de\/apiv2\/wp\/v2\/media?parent=72913"}],"wp:term":[{"taxonomy":"category","embeddable":true,"href":"https:\/\/www.ifun.de\/apiv2\/wp\/v2\/categories?post=72913"},{"taxonomy":"post_tag","embeddable":true,"href":"https:\/\/www.ifun.de\/apiv2\/wp\/v2\/tags?post=72913"}],"curies":[{"name":"wp","href":"https:\/\/api.w.org\/{rel}","templated":true}]}}