{"id":72705,"date":"2015-02-05T16:28:09","date_gmt":"2015-02-05T15:28:09","guid":{"rendered":"http:\/\/www.ifun.de\/?p=72705"},"modified":"2015-02-05T16:42:58","modified_gmt":"2015-02-05T15:42:58","slug":"smartwatch-konkurrenz-swatch-im-wettrennen-mit-apple","status":"publish","type":"post","link":"https:\/\/www.ifun.de\/smartwatch-konkurrenz-swatch-im-wettrennen-mit-apple-72705\/","title":{"rendered":"Smartwatch-Konkurrenz: Swatch im Wettrennen mit Apple"},"content":{"rendered":"<p>Die Ank\u00fcndigung der Apple Watch scheint auch einige klassische Uhrenhersteller zum Aufbruch zu neuen Ufern inspiriert zu haben. Nach <a href=\"http:\/\/www.ifun.de\/apple-watch-tag-heuer-plant-offenbar-konkurrenzprodukt-70786\/\">TAG Heuer<\/a> \u00e4u\u00dfert sich nun auch Swatch zu Pl\u00e4nen bez\u00fcglich einer eigenen Smartwatch. Das Unternehmen hatte ja bereits letzten Sommer eine eigene Fitnessuhr mit Touchscreen <a href=\"http:\/\/www.ifun.de\/swatch-arbeitet-an-eigener-fitnessuhr-mit-touchscreen-63694\/\">angek\u00fcndigt<\/a>.<\/p>\n<p><a href=\"http:\/\/images.ifun.de\/wp-content\/uploads\/2015\/02\/5006.jpg\"><img loading=\"lazy\" decoding=\"async\" src=\"http:\/\/images.ifun.de\/wp-content\/uploads\/2015\/02\/5006.jpg\" alt=\"5006\" width=\"500\" height=\"298\" class=\"aligncenter size-full wp-image-72706\" srcset=\"https:\/\/images.ifun.de\/wp-content\/uploads\/2015\/02\/5006.jpg 500w, https:\/\/images.ifun.de\/wp-content\/uploads\/2015\/02\/5006-300x179.jpg 300w\" sizes=\"auto, (max-width: 500px) 100vw, 500px\" \/><\/a><\/p>\n<h6>Bild (nur zu Illustrationszwecken): <a href=\"http:\/\/www.shutterstock.com\/\">Shutterstock<\/a><\/h6>\n<p>Einem <a href=\"http:\/\/www.bloomberg.com\/news\/articles\/2015-02-05\/swatch-plans-smartwatch-to-compete-with-apple-watch-s-debut\">aktuellen Bericht<\/a> zufolge plant Swatch-Chef Nick Hayek innerhalb der n\u00e4chsten drei Monate mit dem Verkauf einer eigenen Smartwatch zu beginnen und tritt damit auch mit Blick auf den Ver\u00f6ffentlichungszeitpunkt in direkte Konkurrenz mit der Apple Watch.<\/p>\n<p>Hayek macht in diesem Zusammenhang vollmundige Versprechungen und schie\u00dft dabei gleich mal ein paar Giftpfeile in Richtung Cupertino. So soll die \u201eSmartSwatch\u201c \u00fcber das Internet kommunizieren, ohne daf\u00fcr geladen werden zu m\u00fcssen (ein Seitenhieb auf die Spekulationen um die <a href=\"http:\/\/www.iphone-ticker.de\/akkulaufzeit-der-apple-watch-maximal-19-stunden-nur-3-stunden-bei-aktiver-nutzung-76559\/\" title=\"Apple Watch: Akkulaufzeit 19 Stunden \u2013 Nur 3 bei aktiver Nutzung?\">Akkulaufzeit der Apple-Uhr<\/a>). Auch f\u00fcr Mobile Payment soll sich die Uhr nutzen lassen. Swatch habe bereits Vertr\u00e4ge mit Migros und Coop, zwei der gr\u00f6\u00dften Schweizer Handelsketten, und sei derzeit im Gespr\u00e4ch mit weiteren Unternehmen.<\/p>\n<p><h5>Know-how w\u00e4re vorhanden<\/h5>\n<p>Laut Einsch\u00e4tzungen aus Analystenkreisen ist Swatch technisch f\u00fcr derartige Ausfl\u00fcge durchaus ger\u00fcstet. Das Unternehmen verf\u00fcge \u00fcber entsprechendes Know-how bei Sensoren, Bildschirmen oder auch extrem d\u00fcnne und leistungsf\u00e4hige Batterien. Die Swatch-Tochter Tissot produziere bereits seit 1999 Uhren mit Touchscreens und statte diese mittlerweile auch mit Sensor- und Messtechnik aus.<\/p>\n<p>Hayeks Ank\u00fcndigung kommt dennoch \u00fcberraschend. Lange Zeit hat der Swatch-Boss das Thema Smartwatch als unwichtig abgetan und verlauten lassen, er wolle sich an Wettrennen diesbez\u00fcglich nicht beteiligen.<\/p>\n<p>Bez\u00fcglich einer iOS-Kompatibilit\u00e4t der Uhr hielt sich Hayek bedeckt. Bislang zumindest war wohl nur von Windows und Android die Rede. (via <a href=\"http:\/\/www.macrumors.com\/2015\/02\/05\/swatch-smartwatch\/\">Mac Rumors<\/a>)<\/p>\n","protected":false},"excerpt":{"rendered":"<a href=\"https:\/\/www.ifun.de\/smartwatch-konkurrenz-swatch-im-wettrennen-mit-apple-72705\/\"><img width=\"150\" height=\"150\" src=\"https:\/\/images.ifun.de\/wp-content\/uploads\/2015\/02\/5006-150x150.jpg\" class=\"alignright tfe wp-post-image\" alt=\"\" decoding=\"async\" loading=\"lazy\" \/><\/a><p>Die Ank\u00fcndigung der Apple Watch scheint auch einige klassische Uhrenhersteller zum Aufbruch zu neuen Ufern inspiriert zu haben. Nach TAG Heuer \u00e4u\u00dfert sich nun auch Swatch zu Pl\u00e4nen bez\u00fcglich einer eigenen Smartwatch. Das Unternehmen hatte ja bereits letzten Sommer eine eigene Fitnessuhr mit Touchscreen angek\u00fcndigt. Bild (nur zu Illustrationszwecken): Shutterstock Einem aktuellen Bericht zufolge plant [&hellip;]<\/p>\n","protected":false},"author":2,"featured_media":72706,"comment_status":"open","ping_status":"closed","sticky":false,"template":"","format":"standard","meta":{"_acf_changed":false,"footnotes":""},"categories":[1],"tags":[2505,1712,2318],"class_list":["post-72705","post","type-post","status-publish","format-standard","has-post-thumbnail","hentry","category-news","tag-apple-watch","tag-smartwatch","tag-swatch"],"acf":[],"aioseo_notices":[],"featured_image":["http:\/\/images.ifun.de\/wp-content\/uploads\/2014\/05\/header8.jpg"],"rest_api_enabler":{"featured_image":"http:\/\/images.ifun.de\/wp-content\/uploads\/2014\/05\/header8.jpg"},"_links":{"self":[{"href":"https:\/\/www.ifun.de\/apiv2\/wp\/v2\/posts\/72705","targetHints":{"allow":["GET"]}}],"collection":[{"href":"https:\/\/www.ifun.de\/apiv2\/wp\/v2\/posts"}],"about":[{"href":"https:\/\/www.ifun.de\/apiv2\/wp\/v2\/types\/post"}],"author":[{"embeddable":true,"href":"https:\/\/www.ifun.de\/apiv2\/wp\/v2\/users\/2"}],"replies":[{"embeddable":true,"href":"https:\/\/www.ifun.de\/apiv2\/wp\/v2\/comments?post=72705"}],"version-history":[{"count":7,"href":"https:\/\/www.ifun.de\/apiv2\/wp\/v2\/posts\/72705\/revisions"}],"predecessor-version":[{"id":72713,"href":"https:\/\/www.ifun.de\/apiv2\/wp\/v2\/posts\/72705\/revisions\/72713"}],"wp:featuredmedia":[{"embeddable":true,"href":"https:\/\/www.ifun.de\/apiv2\/wp\/v2\/media\/72706"}],"wp:attachment":[{"href":"https:\/\/www.ifun.de\/apiv2\/wp\/v2\/media?parent=72705"}],"wp:term":[{"taxonomy":"category","embeddable":true,"href":"https:\/\/www.ifun.de\/apiv2\/wp\/v2\/categories?post=72705"},{"taxonomy":"post_tag","embeddable":true,"href":"https:\/\/www.ifun.de\/apiv2\/wp\/v2\/tags?post=72705"}],"curies":[{"name":"wp","href":"https:\/\/api.w.org\/{rel}","templated":true}]}}