{"id":72658,"date":"2015-02-04T19:44:44","date_gmt":"2015-02-04T18:44:44","guid":{"rendered":"http:\/\/www.ifun.de\/?p=72658"},"modified":"2015-02-04T19:47:18","modified_gmt":"2015-02-04T18:47:18","slug":"geruecht-special-event-zur-apple-watch-und-macbook-air-12-ende-februar","status":"publish","type":"post","link":"https:\/\/www.ifun.de\/geruecht-special-event-zur-apple-watch-und-macbook-air-12-ende-februar-72658\/","title":{"rendered":"Ger\u00fccht: Special Event zur Apple Watch und MacBook Air 12&#8243; in 3 Wochen"},"content":{"rendered":"<p>Die erste Spekulation zum Termin f\u00fcr das n\u00e4chste Apple-Event w\u00e4re da. Wenn es nach den Kollegen der in der Vergangenheit oft gut informierten franz\u00f6sischen Webseite <a href=\"http:\/\/www.igen.fr\/apple-watch\/2015\/02\/apple-pourrait-faire-un-special-event-fin-fevrier-89636\">iGen<\/a> geht, stellt Apple Ende Februar im Beiprogramm zu einer ausf\u00fchrlicheren Pr\u00e4sentation der Apple Watch auch das l\u00e4nger durch die Ger\u00fcchtek\u00fcche geisternde <a href=\"http:\/\/www.ifun.de\/12-macbook-air-usb-angeblich-einziger-anschluss-71371\/\">12\u201c-MacBook-Air<\/a> vor. Als gut m\u00f6glichen Termin nennt die Webseite den 24. Februar.<\/p>\n<p><a href=\"http:\/\/images.ifun.de\/wp-content\/uploads\/2013\/09\/tim-cook.jpg\"><img loading=\"lazy\" decoding=\"async\" src=\"http:\/\/images.ifun.de\/wp-content\/uploads\/2013\/09\/tim-cook.jpg\" alt=\"tim-cook\" width=\"500\" height=\"315\" class=\"aligncenter size-full wp-image-46573\" srcset=\"https:\/\/images.ifun.de\/wp-content\/uploads\/2013\/09\/tim-cook.jpg 500w, https:\/\/images.ifun.de\/wp-content\/uploads\/2013\/09\/tim-cook-300x189.jpg 300w\" sizes=\"auto, (max-width: 500px) 100vw, 500px\" \/><\/a><\/p>\n<p>Ein zweites Event zur Apple Watch vor deren Verkaufsstart scheint gar nicht unsinnig. Apple hat die Uhr zwar schon umfassend pr\u00e4sentiert, k\u00f6nnte hier aber auf weitere Details und insbesondere auch auf die ersten verf\u00fcgbaren Anwendungen von Drittanbietern eingehen.<\/p>\n<p>Am Kommen des 12\u201c-MacBook-Air wird mittlerweile kaum noch gezweifelt. <a href=\"http:\/\/www.ifun.de\/12-macbook-air-usb-angeblich-einziger-anschluss-71371\/\">Letzten Spekulationen<\/a> zufolge will Apple mit dem Ger\u00e4t einen Nachfolger f\u00fcr das bisher erh\u00e4ltliche 11\u201c-Modell platzieren. Das Notebook soll deutlich d\u00fcnner als das aktuelle MacBook Air sein, um dies zu erreichen will Apple das Ger\u00e4t angeblich mit USB als einzigem Anschluss ausliefern und dar\u00fcber auch den integrierten Akku laden.<\/p>\n","protected":false},"excerpt":{"rendered":"<a href=\"https:\/\/www.ifun.de\/geruecht-special-event-zur-apple-watch-und-macbook-air-12-ende-februar-72658\/\"><img decoding=\"async\" width=\"150\" src=\"http:\/\/images.ifun.de\/wp-content\/uploads\/2013\/09\/tim-cook.jpg\" class=\"alignright wp-post-image tfe\" alt=\"tim-cook\" title=\"\" \/><\/a><p>Die erste Spekulation zum Termin f\u00fcr das n\u00e4chste Apple-Event w\u00e4re da. Wenn es nach den Kollegen der in der Vergangenheit oft gut informierten franz\u00f6sischen Webseite iGen geht, stellt Apple Ende Februar im Beiprogramm zu einer ausf\u00fchrlicheren Pr\u00e4sentation der Apple Watch auch das l\u00e4nger durch die Ger\u00fcchtek\u00fcche geisternde 12\u201c-MacBook-Air vor. Als gut m\u00f6glichen Termin nennt die [&hellip;]<\/p>\n","protected":false},"author":2,"featured_media":0,"comment_status":"open","ping_status":"closed","sticky":false,"template":"","format":"standard","meta":{"_acf_changed":false,"footnotes":""},"categories":[18],"tags":[4736,2505,3910,344],"class_list":["post-72658","post","type-post","status-publish","format-standard","hentry","category-rumors","tag-apple","tag-apple-watch","tag-geruechte","tag-macbook-air"],"acf":[],"aioseo_notices":[],"featured_image":["http:\/\/images.ifun.de\/wp-content\/uploads\/2013\/09\/tim-cook-header.jpg"],"rest_api_enabler":{"featured_image":"http:\/\/images.ifun.de\/wp-content\/uploads\/2013\/09\/tim-cook-header.jpg"},"_links":{"self":[{"href":"https:\/\/www.ifun.de\/apiv2\/wp\/v2\/posts\/72658","targetHints":{"allow":["GET"]}}],"collection":[{"href":"https:\/\/www.ifun.de\/apiv2\/wp\/v2\/posts"}],"about":[{"href":"https:\/\/www.ifun.de\/apiv2\/wp\/v2\/types\/post"}],"author":[{"embeddable":true,"href":"https:\/\/www.ifun.de\/apiv2\/wp\/v2\/users\/2"}],"replies":[{"embeddable":true,"href":"https:\/\/www.ifun.de\/apiv2\/wp\/v2\/comments?post=72658"}],"version-history":[{"count":3,"href":"https:\/\/www.ifun.de\/apiv2\/wp\/v2\/posts\/72658\/revisions"}],"predecessor-version":[{"id":72661,"href":"https:\/\/www.ifun.de\/apiv2\/wp\/v2\/posts\/72658\/revisions\/72661"}],"wp:attachment":[{"href":"https:\/\/www.ifun.de\/apiv2\/wp\/v2\/media?parent=72658"}],"wp:term":[{"taxonomy":"category","embeddable":true,"href":"https:\/\/www.ifun.de\/apiv2\/wp\/v2\/categories?post=72658"},{"taxonomy":"post_tag","embeddable":true,"href":"https:\/\/www.ifun.de\/apiv2\/wp\/v2\/tags?post=72658"}],"curies":[{"name":"wp","href":"https:\/\/api.w.org\/{rel}","templated":true}]}}