{"id":72213,"date":"2015-01-27T08:03:16","date_gmt":"2015-01-27T07:03:16","guid":{"rendered":"http:\/\/www.ifun.de\/?p=72213"},"modified":"2015-01-27T08:03:16","modified_gmt":"2015-01-27T07:03:16","slug":"5-jahre-happy-birthday-ipad","status":"publish","type":"post","link":"https:\/\/www.ifun.de\/5-jahre-happy-birthday-ipad-72213\/","title":{"rendered":"5 Jahre: Happy Birthday iPad"},"content":{"rendered":"<p>\u201eApple stellt das iPad vor \u2013 US-Start im M\u00e4rz f\u00fcr $499\u201c. Mit diesen Worten begann am 27. Januar 2010 <a href=\"http:\/\/www.ifun.de\/apple-stellt-das-ipad-vor-us-start-im-marz-fur-499-6099\/\">unser Artikel<\/a> zur offiziellen iPad-Ank\u00fcndigung durch Steve Jobs. Der ehemalige Apple-Chef hatte sich f\u00fcr diese Pr\u00e4sentation extra ein Sofa auf die B\u00fchne stellen lassen, einen Videomitschnitt der knapp 80 Minuten langen Veranstaltung haben wir unten eingebettet.<\/p>\n<p><a href=\"http:\/\/images.ifun.de\/wp-content\/uploads\/2015\/01\/ipad-vorstellung.jpg\"><img loading=\"lazy\" decoding=\"async\" src=\"http:\/\/images.ifun.de\/wp-content\/uploads\/2015\/01\/ipad-vorstellung.jpg\" alt=\"ipad-vorstellung\" width=\"500\" height=\"281\" class=\"aligncenter size-full wp-image-72214\" srcset=\"https:\/\/images.ifun.de\/wp-content\/uploads\/2015\/01\/ipad-vorstellung.jpg 500w, https:\/\/images.ifun.de\/wp-content\/uploads\/2015\/01\/ipad-vorstellung-300x169.jpg 300w\" sizes=\"auto, (max-width: 500px) 100vw, 500px\" \/><\/a><\/p>\n<p>Bis das iPad dann in Deutschland auf den Markt kam, dauerte es noch ein wenig. Am 3. April lie\u00df sich das Apple-Tablet dann zun\u00e4chst in den USA erwerben und Ende Mai war die erste iPad-Generation dann endlich auch in Deutschland erh\u00e4ltlich.<\/p>\n<p>Heute sehen wir mit dem iPad Air 2 bereits die sechste Generation des \u201egro\u00dfen\u201c iPad mit 9,7\u201c-Bildschirm, begleitet von mittlerweile drei Generationen des iPad mini. Nach dem iPod und iPhone war das iPad ohne Zweifel das dritte bahnbrechende Produkt, mit dem Steve Jobs unseren Alltag bis heute ma\u00dfgeblich ver\u00e4ndert hat.<\/p>\n<p><div class=\"responsive-video\"><iframe loading=\"lazy\" width=\"700\" height=\"394\" src=\"\/\/www.youtube-nocookie.com\/embed\/jj6q_z2Ni9M?rel=0\" frameborder=\"0\" allowfullscreen><\/iframe><\/div><\/p>\n","protected":false},"excerpt":{"rendered":"<a href=\"https:\/\/www.ifun.de\/5-jahre-happy-birthday-ipad-72213\/\"><img width=\"150\" height=\"150\" src=\"https:\/\/images.ifun.de\/wp-content\/uploads\/2015\/01\/ipad-vorstellung-header-150x150.jpg\" class=\"alignright tfe wp-post-image\" alt=\"\" decoding=\"async\" loading=\"lazy\" \/><\/a><p>\u201eApple stellt das iPad vor \u2013 US-Start im M\u00e4rz f\u00fcr $499\u201c. Mit diesen Worten begann am 27. Januar 2010 unser Artikel zur offiziellen iPad-Ank\u00fcndigung durch Steve Jobs. Der ehemalige Apple-Chef hatte sich f\u00fcr diese Pr\u00e4sentation extra ein Sofa auf die B\u00fchne stellen lassen, einen Videomitschnitt der knapp 80 Minuten langen Veranstaltung haben wir unten eingebettet. [&hellip;]<\/p>\n","protected":false},"author":2,"featured_media":72215,"comment_status":"open","ping_status":"closed","sticky":false,"template":"","format":"standard","meta":{"_acf_changed":false,"footnotes":""},"categories":[10],"tags":[4736,4740,67],"class_list":["post-72213","post","type-post","status-publish","format-standard","has-post-thumbnail","hentry","category-ipad","tag-apple","tag-ipad","tag-steve-jobs"],"acf":[],"aioseo_notices":[],"featured_image":["http:\/\/images.ifun.de\/wp-content\/uploads\/2015\/01\/ipad-vorstellung-header.jpg"],"rest_api_enabler":{"featured_image":"http:\/\/images.ifun.de\/wp-content\/uploads\/2015\/01\/ipad-vorstellung-header.jpg"},"_links":{"self":[{"href":"https:\/\/www.ifun.de\/apiv2\/wp\/v2\/posts\/72213","targetHints":{"allow":["GET"]}}],"collection":[{"href":"https:\/\/www.ifun.de\/apiv2\/wp\/v2\/posts"}],"about":[{"href":"https:\/\/www.ifun.de\/apiv2\/wp\/v2\/types\/post"}],"author":[{"embeddable":true,"href":"https:\/\/www.ifun.de\/apiv2\/wp\/v2\/users\/2"}],"replies":[{"embeddable":true,"href":"https:\/\/www.ifun.de\/apiv2\/wp\/v2\/comments?post=72213"}],"version-history":[{"count":1,"href":"https:\/\/www.ifun.de\/apiv2\/wp\/v2\/posts\/72213\/revisions"}],"predecessor-version":[{"id":72216,"href":"https:\/\/www.ifun.de\/apiv2\/wp\/v2\/posts\/72213\/revisions\/72216"}],"wp:featuredmedia":[{"embeddable":true,"href":"https:\/\/www.ifun.de\/apiv2\/wp\/v2\/media\/72215"}],"wp:attachment":[{"href":"https:\/\/www.ifun.de\/apiv2\/wp\/v2\/media?parent=72213"}],"wp:term":[{"taxonomy":"category","embeddable":true,"href":"https:\/\/www.ifun.de\/apiv2\/wp\/v2\/categories?post=72213"},{"taxonomy":"post_tag","embeddable":true,"href":"https:\/\/www.ifun.de\/apiv2\/wp\/v2\/tags?post=72213"}],"curies":[{"name":"wp","href":"https:\/\/api.w.org\/{rel}","templated":true}]}}