{"id":72177,"date":"2015-01-26T14:25:04","date_gmt":"2015-01-26T13:25:04","guid":{"rendered":"http:\/\/www.ifun.de\/?p=72177"},"modified":"2015-01-26T14:25:40","modified_gmt":"2015-01-26T13:25:40","slug":"zukunftsmusik-renderings-von-macbook-air-und-ipad-pro-mit-12-bildschirmen","status":"publish","type":"post","link":"https:\/\/www.ifun.de\/zukunftsmusik-renderings-von-macbook-air-und-ipad-pro-mit-12-bildschirmen-72177\/","title":{"rendered":"Zukunftsmusik: Renderings zeigen MacBook Air und &#8222;iPad Pro&#8220; mit 12&#8243;-Bildschirmen"},"content":{"rendered":"<p>W\u00e4hrend die Ger\u00fcchte bez\u00fcglich eines neuen MacBook Air mit 12-Bildschirm mittlerweile durchaus plausibel klingen, blicken wir einem \u201eiPad Pro\u201c mit 12\u201c-Bildschirm eher skeptisch entgegen. Die von dem f\u00fcr seine stets hochwertigen Renderings bekannten Designer <a href=\"http:\/\/www.martinhajek.com\/battle-of-the-12-inches\/\">Martin Hajek<\/a> angefertigten Vergleichsgrafiken mit beiden Ger\u00e4ten wollen wir euch dennoch nicht vorenthalten.<\/p>\n<p><a href=\"http:\/\/images.ifun.de\/wp-content\/uploads\/2015\/01\/50016.jpg\"><img loading=\"lazy\" decoding=\"async\" src=\"http:\/\/images.ifun.de\/wp-content\/uploads\/2015\/01\/50016.jpg\" alt=\"500\" width=\"500\" height=\"375\" class=\"aligncenter size-full wp-image-72181\" srcset=\"https:\/\/images.ifun.de\/wp-content\/uploads\/2015\/01\/50016.jpg 500w, https:\/\/images.ifun.de\/wp-content\/uploads\/2015\/01\/50016-300x225.jpg 300w\" sizes=\"auto, (max-width: 500px) 100vw, 500px\" \/><\/a><\/p>\n<p>Das Aussehen wie auch die auf den Bildern sichtbaren technischen Details des MacBook basieren auf den Anfang des Monats <a href=\"http:\/\/www.ifun.de\/12-macbook-air-usb-angeblich-einziger-anschluss-71371\/\">bekannt gewordenen Aussagen<\/a> von Personen, die das Ger\u00e4t im Auftrag von Apple angeblich bereits getestet haben. So ist gegen\u00fcber von der Ohrh\u00f6rerbuchse dann auch nur ein einzelner USB-Anschluss zu sehen, \u00fcber den den Ger\u00fcchten zufolge auch der Akku des Notebook geladen wir.<\/p>\n<p><a href=\"http:\/\/images.ifun.de\/wp-content\/uploads\/2015\/01\/22.jpg\"><img loading=\"lazy\" decoding=\"async\" src=\"http:\/\/images.ifun.de\/wp-content\/uploads\/2015\/01\/22.jpg\" alt=\"2\" width=\"700\" height=\"256\" class=\"aligncenter size-full wp-image-72180\" srcset=\"https:\/\/images.ifun.de\/wp-content\/uploads\/2015\/01\/22.jpg 700w, https:\/\/images.ifun.de\/wp-content\/uploads\/2015\/01\/22-300x110.jpg 300w\" sizes=\"auto, (max-width: 700px) 100vw, 700px\" \/><\/a><\/p>\n<p>Mit Blick auf ein 12\u201c-iPad machen immer mal wieder Berichte und Fotos von angeblichen Bauteilen die Runde, aber sollte Apple die iPad-Palette tats\u00e4chlich um eine dritte Bildschirmgr\u00f6\u00dfe erweitern? Wir sind mit den jetzigen, recht kompakten Modellen eigentlich ganz gl\u00fccklich.<\/p>\n<p><a href=\"http:\/\/images.ifun.de\/wp-content\/uploads\/2015\/01\/32.jpg\"><img loading=\"lazy\" decoding=\"async\" src=\"http:\/\/images.ifun.de\/wp-content\/uploads\/2015\/01\/32.jpg\" alt=\"3\" width=\"700\" height=\"526\" class=\"aligncenter size-full wp-image-72179\" srcset=\"https:\/\/images.ifun.de\/wp-content\/uploads\/2015\/01\/32.jpg 700w, https:\/\/images.ifun.de\/wp-content\/uploads\/2015\/01\/32-300x225.jpg 300w\" sizes=\"auto, (max-width: 700px) 100vw, 700px\" \/><\/a><\/p>\n<p><a href=\"http:\/\/images.ifun.de\/wp-content\/uploads\/2015\/01\/5.jpg\"><img loading=\"lazy\" decoding=\"async\" src=\"http:\/\/images.ifun.de\/wp-content\/uploads\/2015\/01\/5.jpg\" alt=\"5\" width=\"700\" height=\"256\" class=\"aligncenter size-full wp-image-72178\" srcset=\"https:\/\/images.ifun.de\/wp-content\/uploads\/2015\/01\/5.jpg 700w, https:\/\/images.ifun.de\/wp-content\/uploads\/2015\/01\/5-300x110.jpg 300w\" sizes=\"auto, (max-width: 700px) 100vw, 700px\" \/><\/a><\/p>\n","protected":false},"excerpt":{"rendered":"<a href=\"https:\/\/www.ifun.de\/zukunftsmusik-renderings-von-macbook-air-und-ipad-pro-mit-12-bildschirmen-72177\/\"><img width=\"150\" height=\"150\" src=\"https:\/\/images.ifun.de\/wp-content\/uploads\/2015\/01\/32-150x150.jpg\" class=\"alignright tfe wp-post-image\" alt=\"\" decoding=\"async\" loading=\"lazy\" \/><\/a><p>W\u00e4hrend die Ger\u00fcchte bez\u00fcglich eines neuen MacBook Air mit 12-Bildschirm mittlerweile durchaus plausibel klingen, blicken wir einem \u201eiPad Pro\u201c mit 12\u201c-Bildschirm eher skeptisch entgegen. Die von dem f\u00fcr seine stets hochwertigen Renderings bekannten Designer Martin Hajek angefertigten Vergleichsgrafiken mit beiden Ger\u00e4ten wollen wir euch dennoch nicht vorenthalten. Das Aussehen wie auch die auf den Bildern [&hellip;]<\/p>\n","protected":false},"author":2,"featured_media":72179,"comment_status":"open","ping_status":"closed","sticky":false,"template":"","format":"standard","meta":{"_acf_changed":false,"footnotes":""},"categories":[1],"tags":[3910,2486,344],"class_list":["post-72177","post","type-post","status-publish","format-standard","has-post-thumbnail","hentry","category-news","tag-geruechte","tag-ipad-pro","tag-macbook-air"],"acf":[],"aioseo_notices":[],"featured_image":["http:\/\/images.ifun.de\/wp-content\/uploads\/2015\/01\/header25.jpg"],"rest_api_enabler":{"featured_image":"http:\/\/images.ifun.de\/wp-content\/uploads\/2015\/01\/header25.jpg"},"_links":{"self":[{"href":"https:\/\/www.ifun.de\/apiv2\/wp\/v2\/posts\/72177","targetHints":{"allow":["GET"]}}],"collection":[{"href":"https:\/\/www.ifun.de\/apiv2\/wp\/v2\/posts"}],"about":[{"href":"https:\/\/www.ifun.de\/apiv2\/wp\/v2\/types\/post"}],"author":[{"embeddable":true,"href":"https:\/\/www.ifun.de\/apiv2\/wp\/v2\/users\/2"}],"replies":[{"embeddable":true,"href":"https:\/\/www.ifun.de\/apiv2\/wp\/v2\/comments?post=72177"}],"version-history":[{"count":2,"href":"https:\/\/www.ifun.de\/apiv2\/wp\/v2\/posts\/72177\/revisions"}],"predecessor-version":[{"id":72184,"href":"https:\/\/www.ifun.de\/apiv2\/wp\/v2\/posts\/72177\/revisions\/72184"}],"wp:featuredmedia":[{"embeddable":true,"href":"https:\/\/www.ifun.de\/apiv2\/wp\/v2\/media\/72179"}],"wp:attachment":[{"href":"https:\/\/www.ifun.de\/apiv2\/wp\/v2\/media?parent=72177"}],"wp:term":[{"taxonomy":"category","embeddable":true,"href":"https:\/\/www.ifun.de\/apiv2\/wp\/v2\/categories?post=72177"},{"taxonomy":"post_tag","embeddable":true,"href":"https:\/\/www.ifun.de\/apiv2\/wp\/v2\/tags?post=72177"}],"curies":[{"name":"wp","href":"https:\/\/api.w.org\/{rel}","templated":true}]}}