{"id":72150,"date":"2015-01-26T06:38:04","date_gmt":"2015-01-26T05:38:04","guid":{"rendered":"http:\/\/www.ifun.de\/?p=72150"},"modified":"2015-01-26T06:38:04","modified_gmt":"2015-01-26T05:38:04","slug":"verkaufsstart-fuer-apple-watch-und-12-macbook-angeblich-noch-im-1-quartal","status":"publish","type":"post","link":"https:\/\/www.ifun.de\/verkaufsstart-fuer-apple-watch-und-12-macbook-angeblich-noch-im-1-quartal-72150\/","title":{"rendered":"Verkaufsstart f\u00fcr Apple Watch und 12&#8243;-MacBook angeblich noch im 1. Quartal"},"content":{"rendered":"<p>Zum Wochenstart erstmal eine Runde Spekulationen. Das Marktforschungsinstitut KGI Securities <a href=\"http:\/\/www.macrumors.com\/2015\/01\/24\/apple-watch-march-12-inch-macbook-early-2015\/\">rechnet damit<\/a>, dass Apple im M\u00e4rz mit dem Verkauf der Apple Watch beginnt und h\u00e4lt Lieferengp\u00e4sse zu Beginn zumindest nicht f\u00fcr ausgeschlossen.<\/p>\n<p><a href=\"http:\/\/images.ifun.de\/wp-content\/uploads\/2014\/11\/apple-watch-500.jpg\"><img loading=\"lazy\" decoding=\"async\" src=\"http:\/\/images.ifun.de\/wp-content\/uploads\/2014\/11\/apple-watch-500.jpg\" alt=\"apple-watch-500\" width=\"500\" height=\"285\" class=\"aligncenter size-full wp-image-68689\" srcset=\"https:\/\/images.ifun.de\/wp-content\/uploads\/2014\/11\/apple-watch-500.jpg 500w, https:\/\/images.ifun.de\/wp-content\/uploads\/2014\/11\/apple-watch-500-300x171.jpg 300w\" sizes=\"auto, (max-width: 500px) 100vw, 500px\" \/><\/a><\/p>\n<p>Apple selbst h\u00e4lt sich, wenn es um weitere Details zur Apple Watch und deren Verkaufsstart geht, weiterhin bedeckt. Es ist allerdings zu vermuten, dass es im Februar diesbez\u00fcglich mehr Informationen gibt &#8211; vielleicht gibt es ja schon im Rahmen der morgigen Bekanntgabe der Finanzergebnisse aus dem Weihnachtsquartal konkretere Hinweise auf den Verkaufsstart.<\/p>\n<p>KGI rechnet im ersten Quartal 2015 \u00fcbrigens auch mit dem Verkaufsstart des neuen <a href=\"http:\/\/www.ifun.de\/fotos-zeigen-angeblich-oberseite-des-macbook-air-mit-12-bildschirm-72097\/\">12\u201c-MacBook-Air<\/a>. Das Ger\u00e4t wurde zwar seitens Apple noch nicht offiziell best\u00e4tigt, es scheint aber sehr wahrscheinlich, dass Apple in den kommenden Wochen tats\u00e4chlich einen entsprechenden Neuzugang f\u00fcr die hauseigene Notebook-Linie pr\u00e4sentiert.<\/p>\n","protected":false},"excerpt":{"rendered":"<a href=\"https:\/\/www.ifun.de\/verkaufsstart-fuer-apple-watch-und-12-macbook-angeblich-noch-im-1-quartal-72150\/\"><img width=\"150\" height=\"150\" src=\"https:\/\/images.ifun.de\/wp-content\/uploads\/2014\/11\/apple-watch-5001-150x150.jpg\" class=\"alignright tfe wp-post-image\" alt=\"\" decoding=\"async\" loading=\"lazy\" \/><\/a><p>Zum Wochenstart erstmal eine Runde Spekulationen. Das Marktforschungsinstitut KGI Securities rechnet damit, dass Apple im M\u00e4rz mit dem Verkauf der Apple Watch beginnt und h\u00e4lt Lieferengp\u00e4sse zu Beginn zumindest nicht f\u00fcr ausgeschlossen. Apple selbst h\u00e4lt sich, wenn es um weitere Details zur Apple Watch und deren Verkaufsstart geht, weiterhin bedeckt. Es ist allerdings zu vermuten, [&hellip;]<\/p>\n","protected":false},"author":2,"featured_media":68842,"comment_status":"open","ping_status":"closed","sticky":false,"template":"","format":"standard","meta":{"_acf_changed":false,"footnotes":""},"categories":[18],"tags":[2505,3910,344],"class_list":["post-72150","post","type-post","status-publish","format-standard","has-post-thumbnail","hentry","category-rumors","tag-apple-watch","tag-geruechte","tag-macbook-air"],"acf":[],"aioseo_notices":[],"featured_image":["http:\/\/images.ifun.de\/wp-content\/uploads\/2015\/01\/apple-watch-header1.jpg"],"rest_api_enabler":{"featured_image":"http:\/\/images.ifun.de\/wp-content\/uploads\/2015\/01\/apple-watch-header1.jpg"},"_links":{"self":[{"href":"https:\/\/www.ifun.de\/apiv2\/wp\/v2\/posts\/72150","targetHints":{"allow":["GET"]}}],"collection":[{"href":"https:\/\/www.ifun.de\/apiv2\/wp\/v2\/posts"}],"about":[{"href":"https:\/\/www.ifun.de\/apiv2\/wp\/v2\/types\/post"}],"author":[{"embeddable":true,"href":"https:\/\/www.ifun.de\/apiv2\/wp\/v2\/users\/2"}],"replies":[{"embeddable":true,"href":"https:\/\/www.ifun.de\/apiv2\/wp\/v2\/comments?post=72150"}],"version-history":[{"count":1,"href":"https:\/\/www.ifun.de\/apiv2\/wp\/v2\/posts\/72150\/revisions"}],"predecessor-version":[{"id":72151,"href":"https:\/\/www.ifun.de\/apiv2\/wp\/v2\/posts\/72150\/revisions\/72151"}],"wp:featuredmedia":[{"embeddable":true,"href":"https:\/\/www.ifun.de\/apiv2\/wp\/v2\/media\/68842"}],"wp:attachment":[{"href":"https:\/\/www.ifun.de\/apiv2\/wp\/v2\/media?parent=72150"}],"wp:term":[{"taxonomy":"category","embeddable":true,"href":"https:\/\/www.ifun.de\/apiv2\/wp\/v2\/categories?post=72150"},{"taxonomy":"post_tag","embeddable":true,"href":"https:\/\/www.ifun.de\/apiv2\/wp\/v2\/tags?post=72150"}],"curies":[{"name":"wp","href":"https:\/\/api.w.org\/{rel}","templated":true}]}}