{"id":71606,"date":"2015-01-13T11:15:47","date_gmt":"2015-01-13T10:15:47","guid":{"rendered":"http:\/\/www.ifun.de\/?p=71606"},"modified":"2015-01-13T11:15:47","modified_gmt":"2015-01-13T10:15:47","slug":"macbook-air-12-kommt-angeblich-noch-im-1-quartal-2015","status":"publish","type":"post","link":"https:\/\/www.ifun.de\/macbook-air-12-kommt-angeblich-noch-im-1-quartal-2015-71606\/","title":{"rendered":"MacBook Air 12&#8243; kommt angeblich noch im 1. Quartal 2015"},"content":{"rendered":"<p>Einem Report des Brancheninformationsdienstes <a href=\"http:\/\/www.digitimes.com\/news\/a20150113PD202.html\">Digitimes<\/a> zufolge nimmt die Fertigung des noch nicht offiziell best\u00e4tigten 12\u201c-MacBook-Air beim Apple-Produktionspartner Quanta Fahrt auf. Angeblich soll das neue Notebook noch im ersten Quartal 2015 auf den Markt kommen.<\/p>\n<p><a href=\"http:\/\/images.ifun.de\/wp-content\/uploads\/2015\/01\/5006.jpg\"><img loading=\"lazy\" decoding=\"async\" src=\"http:\/\/images.ifun.de\/wp-content\/uploads\/2015\/01\/5006.jpg\" alt=\"500\" width=\"500\" height=\"241\" class=\"aligncenter size-full wp-image-71607\" srcset=\"https:\/\/images.ifun.de\/wp-content\/uploads\/2015\/01\/5006.jpg 500w, https:\/\/images.ifun.de\/wp-content\/uploads\/2015\/01\/5006-300x145.jpg 300w\" sizes=\"auto, (max-width: 500px) 100vw, 500px\" \/><\/a><\/p>\n<p>Quanta hat demnach seine Anstrengungen verst\u00e4rkt, zus\u00e4tzliche Arbeitskr\u00e4fte zu rekrutieren, um die von Apple geforderten Kapazit\u00e4ten zu erf\u00fcllen. Neben dem MacBook Air ist das Unternehmen auch in die Produktion der Apple Watch involviert, insgesamt sollen f\u00fcr diese Zwecke vor\u00fcbergehend 30.000 zus\u00e4tzliche Mitarbeiter eingestellt werden. (via <a href=\"http:\/\/www.macrumors.com\/2015\/01\/13\/apple-production-12-inch-macbook-air-q1-2015\/\">Mac Rumors<\/a>)<\/p>\n<p>Aktuellen Ger\u00fcchten zufolge will Apple mit dem MacBook Air mit 12\u201c-Bildschirm einen Nachfolger f\u00fcr das bisher erh\u00e4ltliche 11\u201c-Modell platzieren. Das Ger\u00e4t soll deutlich d\u00fcnner als das aktuelle MacBook Air sein, um dies zu erreichen will Apple das Notebook <a href=\"http:\/\/www.ifun.de\/12-macbook-air-usb-angeblich-einziger-anschluss-71371\/\">angeblich<\/a> mit USB als einzigem Anschluss ausliefern und dar\u00fcber auch den integrierten Akku laden.<\/p>\n","protected":false},"excerpt":{"rendered":"<a href=\"https:\/\/www.ifun.de\/macbook-air-12-kommt-angeblich-noch-im-1-quartal-2015-71606\/\"><img width=\"150\" height=\"150\" src=\"https:\/\/images.ifun.de\/wp-content\/uploads\/2015\/01\/macbook-air-header-150x150.jpg\" class=\"alignright tfe wp-post-image\" alt=\"\" decoding=\"async\" loading=\"lazy\" \/><\/a><p>Einem Report des Brancheninformationsdienstes Digitimes zufolge nimmt die Fertigung des noch nicht offiziell best\u00e4tigten 12\u201c-MacBook-Air beim Apple-Produktionspartner Quanta Fahrt auf. Angeblich soll das neue Notebook noch im ersten Quartal 2015 auf den Markt kommen. Quanta hat demnach seine Anstrengungen verst\u00e4rkt, zus\u00e4tzliche Arbeitskr\u00e4fte zu rekrutieren, um die von Apple geforderten Kapazit\u00e4ten zu erf\u00fcllen. Neben dem MacBook [&hellip;]<\/p>\n","protected":false},"author":2,"featured_media":71608,"comment_status":"open","ping_status":"closed","sticky":false,"template":"","format":"standard","meta":{"_acf_changed":false,"footnotes":""},"categories":[18],"tags":[3910,344],"class_list":["post-71606","post","type-post","status-publish","format-standard","has-post-thumbnail","hentry","category-rumors","tag-geruechte","tag-macbook-air"],"acf":[],"aioseo_notices":[],"featured_image":["http:\/\/images.ifun.de\/wp-content\/uploads\/2015\/01\/macbook-air-header.jpg"],"rest_api_enabler":{"featured_image":"http:\/\/images.ifun.de\/wp-content\/uploads\/2015\/01\/macbook-air-header.jpg"},"_links":{"self":[{"href":"https:\/\/www.ifun.de\/apiv2\/wp\/v2\/posts\/71606","targetHints":{"allow":["GET"]}}],"collection":[{"href":"https:\/\/www.ifun.de\/apiv2\/wp\/v2\/posts"}],"about":[{"href":"https:\/\/www.ifun.de\/apiv2\/wp\/v2\/types\/post"}],"author":[{"embeddable":true,"href":"https:\/\/www.ifun.de\/apiv2\/wp\/v2\/users\/2"}],"replies":[{"embeddable":true,"href":"https:\/\/www.ifun.de\/apiv2\/wp\/v2\/comments?post=71606"}],"version-history":[{"count":2,"href":"https:\/\/www.ifun.de\/apiv2\/wp\/v2\/posts\/71606\/revisions"}],"predecessor-version":[{"id":71610,"href":"https:\/\/www.ifun.de\/apiv2\/wp\/v2\/posts\/71606\/revisions\/71610"}],"wp:featuredmedia":[{"embeddable":true,"href":"https:\/\/www.ifun.de\/apiv2\/wp\/v2\/media\/71608"}],"wp:attachment":[{"href":"https:\/\/www.ifun.de\/apiv2\/wp\/v2\/media?parent=71606"}],"wp:term":[{"taxonomy":"category","embeddable":true,"href":"https:\/\/www.ifun.de\/apiv2\/wp\/v2\/categories?post=71606"},{"taxonomy":"post_tag","embeddable":true,"href":"https:\/\/www.ifun.de\/apiv2\/wp\/v2\/tags?post=71606"}],"curies":[{"name":"wp","href":"https:\/\/api.w.org\/{rel}","templated":true}]}}