{"id":71080,"date":"2014-12-29T08:00:59","date_gmt":"2014-12-29T07:00:59","guid":{"rendered":"http:\/\/www.ifun.de\/?p=71080"},"modified":"2014-12-29T08:03:53","modified_gmt":"2014-12-29T07:03:53","slug":"the-interview-umstrittener-film-nun-auch-ueber-itunes-usa-erhaeltlich","status":"publish","type":"post","link":"https:\/\/www.ifun.de\/the-interview-umstrittener-film-nun-auch-ueber-itunes-usa-erhaeltlich-71080\/","title":{"rendered":"The Interview: Umstrittener Film nun auch \u00fcber iTunes USA erh\u00e4ltlich"},"content":{"rendered":"<p>Apple bietet den umstrittenen Film \u201e<a href=\"http:\/\/www.imdb.com\/title\/tt2788710\/?ref_=nv_sr_1\">The Interview<\/a>\u201c nun auch \u00fcber den <a href=\"https:\/\/itunes.apple.com\/us\/movie\/the-interview\/id948499637\">amerikanischen iTunes Store<\/a> zum Verleih und Verkauf an. Die von Sony produzierte Kom\u00f6die mit James Franco und Seth Rogen handelt von der geplanten Ermordung des nordkoreanischen Staatschefs Kim Jong-un und hatte vor Weihnachten <a href=\"http:\/\/www.tagesschau.de\/ausland\/usa-nordkorea-sony-107.html\">einigen Trubel<\/a> ausgel\u00f6st.<\/p>\n<p><a href=\"http:\/\/images.ifun.de\/wp-content\/uploads\/2014\/12\/interview-500.jpg\"><img loading=\"lazy\" decoding=\"async\" src=\"http:\/\/images.ifun.de\/wp-content\/uploads\/2014\/12\/interview-500.jpg\" alt=\"interview-500\" width=\"500\" height=\"274\" class=\"aligncenter size-full wp-image-71081\" srcset=\"https:\/\/images.ifun.de\/wp-content\/uploads\/2014\/12\/interview-500.jpg 500w, https:\/\/images.ifun.de\/wp-content\/uploads\/2014\/12\/interview-500-300x164.jpg 300w\" sizes=\"auto, (max-width: 500px) 100vw, 500px\" \/><\/a><\/p>\n<p>Sony selbst hat den f\u00fcr 25. Dezember geplanten Kinostart zun\u00e4chst aufgrund von Anschlagsdrohungen ausgesetzt und auch sonst keinerlei Ver\u00f6ffentlichungspl\u00e4ne genannt. Offenbar aufgrund der massiven Kritik an dieser Selbstzensur l\u00e4uft der Film allerdings seit dem 25. Dezember nicht nur in einigen Kinos, sondern l\u00e4sst sich in den USA auch \u00fcber eine <a href=\"http:\/\/www.theinterview-movie.com\">eigene Webseite<\/a> sowie bei Google Play, YouTube und Xbox Video abrufen.<\/p>\n<p><div class=\"responsive-video\"><iframe loading=\"lazy\" width=\"700\" height=\"394\" src=\"\/\/www.youtube-nocookie.com\/embed\/kP8O-MOqmcw?rel=0\" frameborder=\"0\" allowfullscreen><\/iframe><\/div><\/p>\n<p>Der Film ist vermutlich aufgrund von Vertriebsrechten zun\u00e4chst nur in den USA und Kanada erh\u00e4ltlich. Laut Aussagen von Sony ist eine weltweite Ver\u00f6ffentlichung allerdings zumindest geplant. Falls jemand von euch \u00fcber ein amerikanisches iTunes-Benutzerkonto verf\u00fcgt: Der Film l\u00e4sst sich dort zum Preis von 5,99 Dollar leihen und f\u00fcr 14,99 Dollar kaufen.<\/p>\n<h2>50 Jahre James Bond<\/h2>\n<p>\u201eThe Interview\u201c ist im deutschen iTunes Store noch nicht zum Download erh\u00e4ltlich, daf\u00fcr aber die Jubil\u00e4ums-Collection \u201e<a href=\"https:\/\/itunes.apple.com\/de\/movie-collection\/bond-50-die-komplette-23-filmsammlung\/id948995253?at=10ltcU\">Bond 50<\/a>\u201c mit 23 James-Bond-Filmen aus den letzten 50 Jahren. Die Filmsammlung wird derzeit zum Preis von 85 Euro angeboten, bei den neusten vier Bond-Filmen bekommt ihr beim Download \u00fcber iTunes noch iTunes-Extras-Zusatzinhalte obendrauf.<\/p>\n<p><a href=\"http:\/\/images.ifun.de\/wp-content\/uploads\/2014\/12\/bond.jpg\"><img loading=\"lazy\" decoding=\"async\" src=\"http:\/\/images.ifun.de\/wp-content\/uploads\/2014\/12\/bond.jpg\" alt=\"bond\" width=\"675\" height=\"254\" class=\"aligncenter size-full wp-image-71084\" srcset=\"https:\/\/images.ifun.de\/wp-content\/uploads\/2014\/12\/bond.jpg 675w, https:\/\/images.ifun.de\/wp-content\/uploads\/2014\/12\/bond-300x112.jpg 300w\" sizes=\"auto, (max-width: 675px) 100vw, 675px\" \/><\/a><\/p>\n","protected":false},"excerpt":{"rendered":"<a href=\"https:\/\/www.ifun.de\/the-interview-umstrittener-film-nun-auch-ueber-itunes-usa-erhaeltlich-71080\/\"><img width=\"150\" height=\"150\" src=\"https:\/\/images.ifun.de\/wp-content\/uploads\/2014\/12\/interview-icon.jpg\" class=\"alignright tfe wp-post-image\" alt=\"\" decoding=\"async\" loading=\"lazy\" \/><\/a><p>Apple bietet den umstrittenen Film \u201eThe Interview\u201c nun auch \u00fcber den amerikanischen iTunes Store zum Verleih und Verkauf an. Die von Sony produzierte Kom\u00f6die mit James Franco und Seth Rogen handelt von der geplanten Ermordung des nordkoreanischen Staatschefs Kim Jong-un und hatte vor Weihnachten einigen Trubel ausgel\u00f6st. Sony selbst hat den f\u00fcr 25. Dezember geplanten [&hellip;]<\/p>\n","protected":false},"author":2,"featured_media":71082,"comment_status":"open","ping_status":"closed","sticky":false,"template":"","format":"standard","meta":{"_acf_changed":false,"footnotes":""},"categories":[13],"tags":[70,290,28,410],"class_list":["post-71080","post","type-post","status-publish","format-standard","has-post-thumbnail","hentry","category-itunes","tag-download","tag-filme","tag-itunes-store","tag-kino"],"acf":[],"aioseo_notices":[],"featured_image":["http:\/\/images.ifun.de\/wp-content\/uploads\/2014\/12\/interview-header.jpg"],"rest_api_enabler":{"featured_image":"http:\/\/images.ifun.de\/wp-content\/uploads\/2014\/12\/interview-header.jpg"},"_links":{"self":[{"href":"https:\/\/www.ifun.de\/apiv2\/wp\/v2\/posts\/71080","targetHints":{"allow":["GET"]}}],"collection":[{"href":"https:\/\/www.ifun.de\/apiv2\/wp\/v2\/posts"}],"about":[{"href":"https:\/\/www.ifun.de\/apiv2\/wp\/v2\/types\/post"}],"author":[{"embeddable":true,"href":"https:\/\/www.ifun.de\/apiv2\/wp\/v2\/users\/2"}],"replies":[{"embeddable":true,"href":"https:\/\/www.ifun.de\/apiv2\/wp\/v2\/comments?post=71080"}],"version-history":[{"count":6,"href":"https:\/\/www.ifun.de\/apiv2\/wp\/v2\/posts\/71080\/revisions"}],"predecessor-version":[{"id":71090,"href":"https:\/\/www.ifun.de\/apiv2\/wp\/v2\/posts\/71080\/revisions\/71090"}],"wp:featuredmedia":[{"embeddable":true,"href":"https:\/\/www.ifun.de\/apiv2\/wp\/v2\/media\/71082"}],"wp:attachment":[{"href":"https:\/\/www.ifun.de\/apiv2\/wp\/v2\/media?parent=71080"}],"wp:term":[{"taxonomy":"category","embeddable":true,"href":"https:\/\/www.ifun.de\/apiv2\/wp\/v2\/categories?post=71080"},{"taxonomy":"post_tag","embeddable":true,"href":"https:\/\/www.ifun.de\/apiv2\/wp\/v2\/tags?post=71080"}],"curies":[{"name":"wp","href":"https:\/\/api.w.org\/{rel}","templated":true}]}}