{"id":69967,"date":"2014-11-27T12:12:54","date_gmt":"2014-11-27T11:12:54","guid":{"rendered":"http:\/\/www.ifun.de\/?p=69967"},"modified":"2014-11-27T12:16:59","modified_gmt":"2014-11-27T11:16:59","slug":"black-friday-guenstiges-zubehoer-bei-arktis-apple-laesst-auf-sich-warten","status":"publish","type":"post","link":"https:\/\/www.ifun.de\/black-friday-guenstiges-zubehoer-bei-arktis-apple-laesst-auf-sich-warten-69967\/","title":{"rendered":"Black Friday: G\u00fcnstiges Zubeh\u00f6r bei Arktis &#8211; Apple l\u00e4sst auf sich warten"},"content":{"rendered":"<p>Bei <a href=\"http:\/\/www.arktis.de\/black-friday\/?sPartner=777\">Arktis<\/a> beginnt der Black Friday heute schon. Auf einer <a href=\"http:\/\/www.arktis.de\/black-friday\/?sPartner=777\">Sonderseite<\/a> pr\u00e4sentiert der Onlineh\u00e4ndler ausgew\u00e4hltes Zubeh\u00f6r f\u00fcr iOS-Ger\u00e4te und den Mac teils deutlich preisreduziert. S\u00e4mtliche Angebote laufen bis Freitag Abend 24 Uhr, zudem sollen st\u00fcndlich wechselnd zus\u00e4tzliche Sonderangebote pr\u00e4sentiert werden.<\/p>\n<p><a href=\"http:\/\/images.ifun.de\/wp-content\/uploads\/2014\/11\/50021.jpg\"><img loading=\"lazy\" decoding=\"async\" src=\"http:\/\/images.ifun.de\/wp-content\/uploads\/2014\/11\/50021.jpg\" alt=\"500\" width=\"500\" height=\"399\" class=\"aligncenter size-full wp-image-69969\" srcset=\"https:\/\/images.ifun.de\/wp-content\/uploads\/2014\/11\/50021.jpg 500w, https:\/\/images.ifun.de\/wp-content\/uploads\/2014\/11\/50021-300x239.jpg 300w\" sizes=\"auto, (max-width: 500px) 100vw, 500px\" \/><\/a><\/p>\n<h2>Apple l\u00e4sst auf sich warten<\/h2>\n<p>Apple l\u00e4sst uns dagegen weiter auf eine offizielle Ank\u00fcndigung warten. Anders als in den letzten Jahren gibt es bis heute keine offizielle Ank\u00fcndigung f\u00fcr eine entsprechende Rabatt-Aktion, Apple bewirbt unter der alten <a href=\"http:\/\/ifun.de\/applestore\/http:\/\/store.apple.com\/de\/xc\/holiday\/shopping_event\">Black-Friday-Adresse<\/a> bislang lediglich die zum Welt-AIDS-Tag angek\u00fcndigten Sonderaktionen. Sobald sich diesbez\u00fcglich etwas \u00e4ndert, informieren wir euch hier und per <a href=\"http:\/\/www.ifun.de\/ifunapp\/\">Push-Nachricht<\/a>.<\/p>\n<p>Im Rahmen von Apples Black Friday gab es in der Vergangenheit regelm\u00e4\u00dfig Preisnachl\u00e4sse auf Apple-Produkte und ausgw\u00e4hlte Artikel von Drittanbietern im <a href=\"http:\/\/ifun.de\/applestore\/http:\/\/store.apple.com\/de\/go\/home\">Apple Onlinestore<\/a>.<\/p>\n<h3>So hat Apple den Black Friday im vergangenen Jahr angek\u00fcndigt:<\/h3>\n<p><a href=\"http:\/\/images.ifun.de\/wp-content\/uploads\/2014\/11\/friday-announcement.jpg\"><img loading=\"lazy\" decoding=\"async\" src=\"http:\/\/images.ifun.de\/wp-content\/uploads\/2014\/11\/friday-announcement.jpg\" alt=\"friday-announcement\" width=\"700\" height=\"415\" class=\"aligncenter size-full wp-image-69973\" srcset=\"https:\/\/images.ifun.de\/wp-content\/uploads\/2014\/11\/friday-announcement.jpg 700w, https:\/\/images.ifun.de\/wp-content\/uploads\/2014\/11\/friday-announcement-300x177.jpg 300w\" sizes=\"auto, (max-width: 700px) 100vw, 700px\" \/><\/a><\/p>\n","protected":false},"excerpt":{"rendered":"<a href=\"https:\/\/www.ifun.de\/black-friday-guenstiges-zubehoer-bei-arktis-apple-laesst-auf-sich-warten-69967\/\"><img width=\"150\" height=\"150\" src=\"https:\/\/images.ifun.de\/wp-content\/uploads\/2014\/11\/50021-150x150.jpg\" class=\"alignright tfe wp-post-image\" alt=\"\" decoding=\"async\" loading=\"lazy\" \/><\/a><p>Bei Arktis beginnt der Black Friday heute schon. Auf einer Sonderseite pr\u00e4sentiert der Onlineh\u00e4ndler ausgew\u00e4hltes Zubeh\u00f6r f\u00fcr iOS-Ger\u00e4te und den Mac teils deutlich preisreduziert. S\u00e4mtliche Angebote laufen bis Freitag Abend 24 Uhr, zudem sollen st\u00fcndlich wechselnd zus\u00e4tzliche Sonderangebote pr\u00e4sentiert werden. Apple l\u00e4sst auf sich warten Apple l\u00e4sst uns dagegen weiter auf eine offizielle Ank\u00fcndigung warten. [&hellip;]<\/p>\n","protected":false},"author":2,"featured_media":69969,"comment_status":"open","ping_status":"closed","sticky":false,"template":"","format":"standard","meta":{"_acf_changed":false,"footnotes":""},"categories":[22],"tags":[4736,6325],"class_list":["post-69967","post","type-post","status-publish","format-standard","has-post-thumbnail","hentry","category-zubehor","tag-apple","tag-zubehor"],"acf":[],"aioseo_notices":[],"featured_image":["http:\/\/images.ifun.de\/wp-content\/uploads\/2014\/11\/header38.jpg"],"rest_api_enabler":{"featured_image":"http:\/\/images.ifun.de\/wp-content\/uploads\/2014\/11\/header38.jpg"},"_links":{"self":[{"href":"https:\/\/www.ifun.de\/apiv2\/wp\/v2\/posts\/69967","targetHints":{"allow":["GET"]}}],"collection":[{"href":"https:\/\/www.ifun.de\/apiv2\/wp\/v2\/posts"}],"about":[{"href":"https:\/\/www.ifun.de\/apiv2\/wp\/v2\/types\/post"}],"author":[{"embeddable":true,"href":"https:\/\/www.ifun.de\/apiv2\/wp\/v2\/users\/2"}],"replies":[{"embeddable":true,"href":"https:\/\/www.ifun.de\/apiv2\/wp\/v2\/comments?post=69967"}],"version-history":[{"count":6,"href":"https:\/\/www.ifun.de\/apiv2\/wp\/v2\/posts\/69967\/revisions"}],"predecessor-version":[{"id":69976,"href":"https:\/\/www.ifun.de\/apiv2\/wp\/v2\/posts\/69967\/revisions\/69976"}],"wp:featuredmedia":[{"embeddable":true,"href":"https:\/\/www.ifun.de\/apiv2\/wp\/v2\/media\/69969"}],"wp:attachment":[{"href":"https:\/\/www.ifun.de\/apiv2\/wp\/v2\/media?parent=69967"}],"wp:term":[{"taxonomy":"category","embeddable":true,"href":"https:\/\/www.ifun.de\/apiv2\/wp\/v2\/categories?post=69967"},{"taxonomy":"post_tag","embeddable":true,"href":"https:\/\/www.ifun.de\/apiv2\/wp\/v2\/tags?post=69967"}],"curies":[{"name":"wp","href":"https:\/\/api.w.org\/{rel}","templated":true}]}}