{"id":69160,"date":"2014-11-11T09:33:59","date_gmt":"2014-11-11T08:33:59","guid":{"rendered":"http:\/\/www.ifun.de\/?p=69160"},"modified":"2014-11-11T09:34:23","modified_gmt":"2014-11-11T08:34:23","slug":"facebook-freut-sich-ueber-500-millionen-messenger-nutzer","status":"publish","type":"post","link":"https:\/\/www.ifun.de\/facebook-freut-sich-ueber-500-millionen-messenger-nutzer-69160\/","title":{"rendered":"Facebook freut sich \u00fcber 500 Millionen Messenger-Nutzer"},"content":{"rendered":"<p>Facebook freut sich <a href=\"http:\/\/newsroom.fb.com\/news\/2014\/11\/messenger-reaches-500-million-2\/\">offiziell<\/a> \u00fcber 500 Millionen aktive <a rel=\"noindex, nofollow\" href=\"http:\/\/www.ifun.de\/app\/454638411\">Messenger<\/a>-Nutzer pro Monat: Man sehe diese Zahl als eindrucksvollen Wegpunkt, sei sich aber auch der mit der Tatsache, dass eine halbe Milliarde Menschen die App nutzen, einhergehenden Verantwortung bewusst.<\/p>\n<p><a href=\"http:\/\/images.ifun.de\/wp-content\/uploads\/2014\/11\/facebook-shutter.jpg\"><img loading=\"lazy\" decoding=\"async\" src=\"http:\/\/images.ifun.de\/wp-content\/uploads\/2014\/11\/facebook-shutter.jpg\" alt=\"facebook-shutter\" width=\"500\" height=\"310\" class=\"aligncenter size-full wp-image-69161\" srcset=\"https:\/\/images.ifun.de\/wp-content\/uploads\/2014\/11\/facebook-shutter.jpg 500w, https:\/\/images.ifun.de\/wp-content\/uploads\/2014\/11\/facebook-shutter-300x186.jpg 300w\" sizes=\"auto, (max-width: 500px) 100vw, 500px\" \/><\/a><\/p>\n<h6>(Bild: <a href=\"http:\/\/www.shutterstock.com\/\">JaysonPhotography \/ Shutterstock.com<\/a>)<\/h6>\n<p>Erst <a href=\"http:\/\/www.iphone-ticker.de\/schneller-und-darum-besser-zuckerberg-begruendet-zwangs-messenger-73716\/\">vor wenigen Tagen<\/a> hat sich Facebook-Chef Mark Zuckerberg im Rahmen einer Podiumsdiskussion detailliert zu den Hintergr\u00fcnden f\u00fcr die Entscheidung ge\u00e4u\u00dfert, die Messenger-Funktion aus der Facebook-App auszugliedern und in eine eigene App zu verlagern. <\/p>\n<blockquote>\n<p>Wir sind uns dar\u00fcber bewusst, dass wir unseren Nutzern mit der Bitte eine zus\u00e4tzliche App zu installieren viel abverlangen. Wir sind diesen Schritt gegangen, da wir uns sicher sind, so f\u00fcr ein besseres Nutzer-Erlebnis sorgen zu k\u00f6nnen. Messaging wird immer wichtiger. Und gerade auf mobilen Ger\u00e4ten sollte sich jede App am besten auf eine Kernfunktion konzentrieren, denken wir.<\/p>\n<\/blockquote>\n<p>\u00dcberzeugen konnten uns Zuckerbergs Worte allerdings nicht so ganz, wirtschaftliche Interessen d\u00fcrften bei dieser Entscheidung eine mindestens ebenso wichtige Rolle wie die \u201eVerbesserung des Nutzererlebnis\u201c gespielt haben. Zuckerberg selbst erw\u00e4hnt im selben Interview, dass man bei dieser Entscheidung nat\u00fcrlich auch die Konkurrenz im Auge gehabt habe.<\/p>\n<blockquote>\n<p>Gleichzeitig beobachteten wir, dass die Top-Messaging-Applikationen, die am h\u00e4ufigsten einsgesetzt wurden, sich ausschlie\u00dflich auf die Anzeige von Nachrichten konzentrierten.<\/p>\n<\/blockquote>\n<p>Mit der Verk\u00fcndung der aktuellen Nutzerzahlen zeigt sich jedenfalls, dass der Messenger-Zwang Fr\u00fcchte tr\u00e4gt. Es steht zu bezweifeln, dass die f\u00fcr iPhone und iPad erh\u00e4ltliche Messenger-App heute nur ann\u00e4hernd so viele Nutzer h\u00e4tte, wenn die Messenger-Funktion weiter \u00fcber die regul\u00e4re Facebook-App verf\u00fcgbar w\u00e4re.<\/p>\n<div id=\"article-single-app-preview\">\n<div id=\"article-single-app-preview-icon\"><img loading=\"lazy\" decoding=\"async\" src=\"https:\/\/www.ifun.de\/wp-content\/plugins\/appstore-lookup\/timthumb.php?src=http:\/\/placekitten.com\/57\/57&zc=0&amp;w=72&amp;q=80\"  alt=\"App Icon\"  height=\"72\" width=\"72\" class=\"asl-icon-img\" \/><\/div>\n<div id=\"article-single-app-preview-desc\"><span class=\"name\">App Not Found<\/span><br \/>\n<span class=\"seller\">Seller Not Found<\/span><\/div>\n<a href=\"http:\/\/www.ifun.de\/app\/454638411\"><div id=\"article-single-app-preview-download\">Free<br \/>\n<span class=\"size\">19.73MB<\/span><\/div><\/a>\n<\/div>\n","protected":false},"excerpt":{"rendered":"<a href=\"https:\/\/www.ifun.de\/facebook-freut-sich-ueber-500-millionen-messenger-nutzer-69160\/\"><img width=\"150\" height=\"150\" src=\"https:\/\/images.ifun.de\/wp-content\/uploads\/2014\/11\/messenger-icon.jpg\" class=\"alignright tfe wp-post-image\" alt=\"\" decoding=\"async\" loading=\"lazy\" \/><\/a><p>Facebook freut sich offiziell \u00fcber 500 Millionen aktive Messenger-Nutzer pro Monat: Man sehe diese Zahl als eindrucksvollen Wegpunkt, sei sich aber auch der mit der Tatsache, dass eine halbe Milliarde Menschen die App nutzen, einhergehenden Verantwortung bewusst. (Bild: JaysonPhotography \/ Shutterstock.com) Erst vor wenigen Tagen hat sich Facebook-Chef Mark Zuckerberg im Rahmen einer Podiumsdiskussion detailliert [&hellip;]<\/p>\n","protected":false},"author":2,"featured_media":69163,"comment_status":"open","ping_status":"closed","sticky":false,"template":"","format":"standard","meta":{"_acf_changed":false,"footnotes":""},"categories":[5],"tags":[23,4737,234,435],"class_list":["post-69160","post","type-post","status-publish","format-standard","has-post-thumbnail","hentry","category-apps","tag-app-store","tag-apps","tag-facebook","tag-messenger"],"acf":[],"aioseo_notices":[],"featured_image":["http:\/\/images.ifun.de\/wp-content\/uploads\/2014\/11\/fb-header-shutter.jpg"],"rest_api_enabler":{"featured_image":"http:\/\/images.ifun.de\/wp-content\/uploads\/2014\/11\/fb-header-shutter.jpg"},"_links":{"self":[{"href":"https:\/\/www.ifun.de\/apiv2\/wp\/v2\/posts\/69160","targetHints":{"allow":["GET"]}}],"collection":[{"href":"https:\/\/www.ifun.de\/apiv2\/wp\/v2\/posts"}],"about":[{"href":"https:\/\/www.ifun.de\/apiv2\/wp\/v2\/types\/post"}],"author":[{"embeddable":true,"href":"https:\/\/www.ifun.de\/apiv2\/wp\/v2\/users\/2"}],"replies":[{"embeddable":true,"href":"https:\/\/www.ifun.de\/apiv2\/wp\/v2\/comments?post=69160"}],"version-history":[{"count":3,"href":"https:\/\/www.ifun.de\/apiv2\/wp\/v2\/posts\/69160\/revisions"}],"predecessor-version":[{"id":69166,"href":"https:\/\/www.ifun.de\/apiv2\/wp\/v2\/posts\/69160\/revisions\/69166"}],"wp:featuredmedia":[{"embeddable":true,"href":"https:\/\/www.ifun.de\/apiv2\/wp\/v2\/media\/69163"}],"wp:attachment":[{"href":"https:\/\/www.ifun.de\/apiv2\/wp\/v2\/media?parent=69160"}],"wp:term":[{"taxonomy":"category","embeddable":true,"href":"https:\/\/www.ifun.de\/apiv2\/wp\/v2\/categories?post=69160"},{"taxonomy":"post_tag","embeddable":true,"href":"https:\/\/www.ifun.de\/apiv2\/wp\/v2\/tags?post=69160"}],"curies":[{"name":"wp","href":"https:\/\/api.w.org\/{rel}","templated":true}]}}