{"id":6900,"date":"2010-09-28T07:50:15","date_gmt":"2010-12-02T20:31:24","guid":{"rendered":""},"modified":"2010-12-02T20:31:24","modified_gmt":"2010-12-02T20:31:24","slug":"neue-ipad-geruchte-dunner-mini-usb-und-naturlich-mit-kamera","status":"publish","type":"post","link":"https:\/\/www.ifun.de\/neue-ipad-geruchte-dunner-mini-usb-und-naturlich-mit-kamera-6900\/","title":{"rendered":"Neue iPad-Ger\u00fcchte: D\u00fcnner, Mini-USB und nat\u00fcrlich mit Kamera"},"content":{"rendered":"<p>Ein Analystenteam der US-Investment-Bank Goldman Sachs tischt uns aktuelle iPad-Ger\u00fcchte auf: Angeblich d\u00fcrfen wir nun im Fr\u00fchjahr 2011 ein iPad mit Kamera und Mini-USB-Anschluss in d\u00fcnnerem und leichterem Geh\u00e4use erwarten. Das seit Wochen diskutierte <a href=\"http:\/\/www.ifun.de\/index.php?option=com_search&#038;Itemid=99999999&#038;searchword=7%22-ipad&#038;submit=Suchen&#038;searchphrase=all&#038;ordering=newest\">7&#8243;-iPad<\/a> soll dagegen wenn \u00fcberhaupt,  dann erst sp\u00e4ter eingef\u00fchrt werden. (via <a href=\"http:\/\/www.appleinsider.com\/articles\/10\/09\/27\/goldman_sachs_says_apple_planning_thinner_ipad_with_camera_mini_usb.html\" target=\"_blank\">AppleInsider<\/a>)<br \/>\nDie Informationen stammen angeblich aus Zuliefererkreisen, wir bewerten von Analysten in die Welt gesetzte Ger\u00fcchte traditionell jedoch nicht all zu hoch.<\/p>\n<p><img decoding=\"async\" src=\"http:\/\/images.ifun.de\/wp-content\/mosimages\/images\/stories\/0093\/ipad_skizze_dockanschluss.jpg\"><\/p>\n<p>Ebenso fraglich scheint uns, ob die von der US-Webseite <a href=\"http:\/\/www.patentlyapple.com\/patently-apple\/2010\/09\/new-apple-ipad-designs-surface-with-landscape-docking-more.html\" target=\"_blank\">Patently Apple<\/a> ausgegrabenen Antr\u00e4ge auf Gebrauchsmusterschutz tats\u00e4chlich Details der n\u00e4chsten iPhone-Generation wiedergeben, oder sich an bereits ad acta gelegten Konzeptstudien orientieren. Das iPad ist hier mit einem zus\u00e4tzlichen Dockanschluss f\u00fcr das Docken im Querformat abgebildet, zudem scheint das stilisierte Ger\u00e4t eine Frontkamera zu besitzen &#8211; an der bevorstehenden Einf\u00fchrung einer solchen zweifelt jedoch sowieso schon niemand mehr.<br \/><\/p>\n","protected":false},"excerpt":{"rendered":"<a href=\"https:\/\/www.ifun.de\/neue-ipad-geruchte-dunner-mini-usb-und-naturlich-mit-kamera-6900\/\"><img decoding=\"async\" width=\"150\" src=\"http:\/\/images.ifun.de\/wp-content\/mosimages\/images\/stories\/0093\/ipad_skizze_dockanschluss.jpg\" class=\"alignright wp-post-image tfe\" alt=\"\" title=\"\" \/><\/a><p>Ein Analystenteam der US-Investment-Bank Goldman Sachs tischt uns aktuelle iPad-Ger\u00fcchte auf: Angeblich d\u00fcrfen wir nun im Fr\u00fchjahr 2011 ein iPad mit Kamera und Mini-USB-Anschluss in d\u00fcnnerem und leichterem Geh\u00e4use erwarten. Das seit Wochen diskutierte 7&#8243;-iPad soll dagegen wenn \u00fcberhaupt, dann erst sp\u00e4ter eingef\u00fchrt werden. (via AppleInsider) Die Informationen stammen angeblich aus Zuliefererkreisen, wir bewerten von [&hellip;]<\/p>\n","protected":false},"author":1,"featured_media":0,"comment_status":"open","ping_status":"open","sticky":false,"template":"","format":"standard","meta":{"_acf_changed":false,"footnotes":""},"categories":[],"tags":[],"class_list":["post-6900","post","type-post","status-publish","format-standard","hentry"],"acf":[],"aioseo_notices":[],"rest_api_enabler":[],"_links":{"self":[{"href":"https:\/\/www.ifun.de\/apiv2\/wp\/v2\/posts\/6900","targetHints":{"allow":["GET"]}}],"collection":[{"href":"https:\/\/www.ifun.de\/apiv2\/wp\/v2\/posts"}],"about":[{"href":"https:\/\/www.ifun.de\/apiv2\/wp\/v2\/types\/post"}],"author":[{"embeddable":true,"href":"https:\/\/www.ifun.de\/apiv2\/wp\/v2\/users\/1"}],"replies":[{"embeddable":true,"href":"https:\/\/www.ifun.de\/apiv2\/wp\/v2\/comments?post=6900"}],"version-history":[{"count":0,"href":"https:\/\/www.ifun.de\/apiv2\/wp\/v2\/posts\/6900\/revisions"}],"wp:attachment":[{"href":"https:\/\/www.ifun.de\/apiv2\/wp\/v2\/media?parent=6900"}],"wp:term":[{"taxonomy":"category","embeddable":true,"href":"https:\/\/www.ifun.de\/apiv2\/wp\/v2\/categories?post=6900"},{"taxonomy":"post_tag","embeddable":true,"href":"https:\/\/www.ifun.de\/apiv2\/wp\/v2\/tags?post=6900"}],"curies":[{"name":"wp","href":"https:\/\/api.w.org\/{rel}","templated":true}]}}