{"id":68686,"date":"2014-11-03T07:29:36","date_gmt":"2014-11-03T06:29:36","guid":{"rendered":"http:\/\/www.ifun.de\/?p=68686"},"modified":"2014-11-05T08:35:20","modified_gmt":"2014-11-05T07:35:20","slug":"apple-watch-soll-erst-im-fruehling-erscheinen","status":"publish","type":"post","link":"https:\/\/www.ifun.de\/apple-watch-soll-erst-im-fruehling-erscheinen-68686\/","title":{"rendered":"Apple Watch soll im Fr\u00fchling erscheinen"},"content":{"rendered":"<p>Um das genaue Startdatum der <a href=\"http:\/\/www.ifun.de\/apple-watch-das-muesst-ihr-ueber-die-iphone-armbanduhr-wissen-66041\/\">Apple Watch<\/a> macht Apple hoffentlich auch deswegen auch ein Geheimnis, weil das Produkt ausgereift anstatt unter Zeitdruck und vorschnell auf den Markt kommen soll. Apples Retail-Chefin Angela Ahrendts hat sich diesbez\u00fcglich nun ein wenig konkreter ge\u00e4u\u00dfert und erw\u00e4hnt den Fr\u00fchling als angepeilten Zeitpunkt.<\/p>\n<p><a href=\"http:\/\/images.ifun.de\/wp-content\/uploads\/2014\/11\/apple-watch-500.jpg\"><img loading=\"lazy\" decoding=\"async\" src=\"http:\/\/images.ifun.de\/wp-content\/uploads\/2014\/11\/apple-watch-500.jpg\" alt=\"apple-watch-500\" width=\"500\" height=\"285\" class=\"aligncenter size-full wp-image-68689\" srcset=\"https:\/\/images.ifun.de\/wp-content\/uploads\/2014\/11\/apple-watch-500.jpg 500w, https:\/\/images.ifun.de\/wp-content\/uploads\/2014\/11\/apple-watch-500-300x171.jpg 300w\" sizes=\"auto, (max-width: 500px) 100vw, 500px\" \/><\/a><\/p>\n<p>Zuvor war seitens Apple stets die Rede von \u201eearly 2015\u201c, was diverse Terminspekulationen f\u00fcr die ersten beiden Monate des Jahres zur Folge hatte (\u201eValentinstag\u201c). Den Fr\u00fchlingstermin nannte Ahrendts nun im Rahmen einer Videobotschaft an die ihr unterstellten Apple-Store-Mitarbeiter.<\/p>\n<blockquote>\n<p>So, again, we do &#8211; you guys were hired because you\u2019re the best people in the world. And you know how to service customers, but we are sprinting a marathon right now, and it\u2019s not going to stop. Right? We\u2019re going into the holidays, we\u2019ll go into Chinese New Year, and then we\u2019ve got a new watch launch coming in the spring. (via <a href=\"http:\/\/9to5mac.com\/2014\/11\/02\/apple-retail-svp-angela-ahrendts-apple-watch-launching-in-spring\/\">9to5Mac<\/a>)<\/p>\n<\/blockquote>\n<p>Mit Blick auf die Tatsache, dass der Fr\u00fchling sich 2015 vom 20. M\u00e4rz bis zum 20. Juni erstreckt, solltet ihr also zumindest schon einmal die M\u00f6glichkeit in Betracht ziehen, dass der Erscheinungstermin der Apple-Uhr ein St\u00fcck in Richtung Sommer rutscht. Es ist eher nicht davon auszugehen, dass Apple vor Beginn des n\u00e4chsten Jahres einen konkreten Erscheinungstermin nennt.<\/p>\n","protected":false},"excerpt":{"rendered":"<a href=\"https:\/\/www.ifun.de\/apple-watch-soll-erst-im-fruehling-erscheinen-68686\/\"><img width=\"150\" height=\"150\" src=\"https:\/\/images.ifun.de\/wp-content\/uploads\/2014\/11\/apple-watch-icon.jpg\" class=\"alignright tfe wp-post-image\" alt=\"\" decoding=\"async\" loading=\"lazy\" \/><\/a><p>Um das genaue Startdatum der Apple Watch macht Apple hoffentlich auch deswegen auch ein Geheimnis, weil das Produkt ausgereift anstatt unter Zeitdruck und vorschnell auf den Markt kommen soll. Apples Retail-Chefin Angela Ahrendts hat sich diesbez\u00fcglich nun ein wenig konkreter ge\u00e4u\u00dfert und erw\u00e4hnt den Fr\u00fchling als angepeilten Zeitpunkt. Zuvor war seitens Apple stets die Rede [&hellip;]<\/p>\n","protected":false},"author":2,"featured_media":68687,"comment_status":"open","ping_status":"closed","sticky":false,"template":"","format":"standard","meta":{"_acf_changed":false,"footnotes":""},"categories":[3],"tags":[2505],"class_list":["post-68686","post","type-post","status-publish","format-standard","has-post-thumbnail","hentry","category-apple","tag-apple-watch"],"acf":[],"aioseo_notices":[],"featured_image":["http:\/\/images.ifun.de\/wp-content\/uploads\/2014\/11\/apple-watch-header.jpg"],"rest_api_enabler":{"featured_image":"http:\/\/images.ifun.de\/wp-content\/uploads\/2014\/11\/apple-watch-header.jpg"},"_links":{"self":[{"href":"https:\/\/www.ifun.de\/apiv2\/wp\/v2\/posts\/68686","targetHints":{"allow":["GET"]}}],"collection":[{"href":"https:\/\/www.ifun.de\/apiv2\/wp\/v2\/posts"}],"about":[{"href":"https:\/\/www.ifun.de\/apiv2\/wp\/v2\/types\/post"}],"author":[{"embeddable":true,"href":"https:\/\/www.ifun.de\/apiv2\/wp\/v2\/users\/2"}],"replies":[{"embeddable":true,"href":"https:\/\/www.ifun.de\/apiv2\/wp\/v2\/comments?post=68686"}],"version-history":[{"count":4,"href":"https:\/\/www.ifun.de\/apiv2\/wp\/v2\/posts\/68686\/revisions"}],"predecessor-version":[{"id":68696,"href":"https:\/\/www.ifun.de\/apiv2\/wp\/v2\/posts\/68686\/revisions\/68696"}],"wp:featuredmedia":[{"embeddable":true,"href":"https:\/\/www.ifun.de\/apiv2\/wp\/v2\/media\/68687"}],"wp:attachment":[{"href":"https:\/\/www.ifun.de\/apiv2\/wp\/v2\/media?parent=68686"}],"wp:term":[{"taxonomy":"category","embeddable":true,"href":"https:\/\/www.ifun.de\/apiv2\/wp\/v2\/categories?post=68686"},{"taxonomy":"post_tag","embeddable":true,"href":"https:\/\/www.ifun.de\/apiv2\/wp\/v2\/tags?post=68686"}],"curies":[{"name":"wp","href":"https:\/\/api.w.org\/{rel}","templated":true}]}}