{"id":68473,"date":"2014-10-29T07:15:42","date_gmt":"2014-10-29T06:15:42","guid":{"rendered":"http:\/\/www.ifun.de\/?p=68473"},"modified":"2014-10-29T09:56:13","modified_gmt":"2014-10-29T08:56:13","slug":"sammelklage-wegen-grafikproblemen-beim-macbook-pro-2011","status":"publish","type":"post","link":"https:\/\/www.ifun.de\/sammelklage-wegen-grafikproblemen-beim-macbook-pro-2011-68473\/","title":{"rendered":"Sammelklage wegen Grafikproblemen beim MacBook Pro 2011"},"content":{"rendered":"<p>\u00dcber die bei den 15\u201c- und 17\u201c-Modellen des MacBook Pro 2011 geh\u00e4uft auftretenden Grafikprobleme haben wir ja bereits mehrfach <a href=\"http:\/\/www.ifun.de\/grafikprobleme-beim-macbook-pro-2011-apple-bleibt-stur-59893\/\">berichtet<\/a>. Nachdem Apple sich gegen\u00fcber Vorw\u00fcrfen einen Produktionsfehler betreffend bislang uneinsichtig zeigt, sieht sich das Unternehmen diesbez\u00fcglich nun mit einer Sammelklage (<a href=\"http:\/\/files.www.wbmllp.com\/news\/class-action-filed-against-apple-for-defective-2011-macbook-pro-laptops\/mbp2011_Filed_Complaint.pdf\">PDF-Link<\/a>) konfrontiert.<\/p>\n<p><a href=\"http:\/\/images.ifun.de\/wp-content\/uploads\/2014\/01\/50041.jpg\"><img loading=\"lazy\" decoding=\"async\" src=\"http:\/\/images.ifun.de\/wp-content\/uploads\/2014\/01\/50041.jpg\" alt=\"500\" width=\"500\" height=\"281\" class=\"aligncenter size-full wp-image-54066\" srcset=\"https:\/\/images.ifun.de\/wp-content\/uploads\/2014\/01\/50041.jpg 500w, https:\/\/images.ifun.de\/wp-content\/uploads\/2014\/01\/50041-300x168.jpg 300w\" sizes=\"auto, (max-width: 500px) 100vw, 500px\" \/><\/a><\/p>\n<p>Die hinter der Klage stehende amerikanische Anwaltskanzlei vertritt zun\u00e4chst nur betroffene Nutzer in Kalifornien und Florida, schlie\u00dft jedoch eine Ausweitung des Verfahrens nicht aus. Unabh\u00e4ngig davon d\u00fcrfte eine in diesen beiden US-Bundesstaaten getroffene Entscheidung Einfluss auf den grunds\u00e4tzlichen Umgang Apples mit der Angelegenheit haben.<\/p>\n<p>Konkret \u00e4u\u00dfern sich die Probleme darin, dass bei den Notebooks mit zunehmendem Alter massive Grafikst\u00f6rungen auftreten. Betroffene Anwender sehen sich insbesondere bei grafikintensiven T\u00e4tigkeiten mit Bildst\u00f6rungen und teils auch Komplettausf\u00e4llen der Grafik konfrontiert. In den <a href=\"https:\/\/discussions.apple.com\/thread\/4766577?start=0&amp;tstart=0\" title=\"zugeh\u00f6rige Diskussionsthread\">Apple-Supportforen<\/a> wird das Problem bereits seit Anfang 2013 heftig diskutiert. Verantwortlich scheint der selbe in den Notebooks verbaute AMD-Grafikprozessor, der auch beim iMac 2011 f\u00fcr \u00e4hnliche Probleme sorgte. Hier hat Apple im Sommer 2013 ein <a href=\"http:\/\/www.ifun.de\/apple-tauscht-amd-grafikkarten-bei-27-imacs-aus-den-jahren-2011-und-2012-44730\/\">offizielles Austauschprogramm<\/a> ins Leben gerufen.<\/p>\n<p><h5>Reparatur f\u00fcr 500 Euro hilft oft nur kurze Zeit<\/h5>\n<p>Betroffenen MacBook-Besitzern bleibt bislang nur die M\u00f6glichkeit, die Reparatur auf eigene Kosten durchzuf\u00fchren. Problematisch ist hierbei allerdings, dass der Fehler zumindest teilweise auch nach der Investition von rund 500 Euro f\u00fcr ein neues Motherboard wieder aufgetreten ist.<\/p>\n<p>Die Sammelklage sieht den in den AMD-Prozessoren verwendeten bleifreien L\u00f6tzinn als Hauptschuldigen. Mehr und mehr feine Risse sollen hier f\u00fcr die mit zunehmendem Alter verst\u00e4rkt einsetzenden Probleme verantwortlich sein. Die Juristen fordern nun von Apple, dass s\u00e4mtliche K\u00e4ufer von in Frage kommenden MacBooks benachrichtigt werden und eine kostenlose Pr\u00fcfung der Ger\u00e4te stattfindet. Sofern Probleme auftreten, soll Apple die Kosten f\u00fcr den Austausch \u00fcbernehmen und dar\u00fcber hinaus Kunden, die bereits Reparaturen aus eigener Tasche finanziert haben, diese Auslagen ersetzen.<\/p>\n<p>Die hinter der Sammelklage stehende Anwaltskanzlei f\u00fchrt eine <a href=\"https:\/\/www.surveymonkey.com\/s\/2011MBP\">Online-Umfrage<\/a> zu den Problemen durch, um zus\u00e4tzliche Daten zu erhalten sowie eine Ausweitung der Klage zu er\u00f6rtern. Zudem k\u00f6nnen sich betroffene Nutzer im Rahmen einer <a href=\"http:\/\/www.change.org\/en-AU\/petitions\/timothy-d-cook-replace-or-fix-all-early-2011-macbook-pro-with-graphics-failure\" title=\"Online-Petition von Raj Dsouza\">Online-Petition<\/a> sowie einer <a href=\"https:\/\/www.facebook.com\/groups\/2011mbp\">Facebook-Gruppe<\/a>, die mittlerweile mehr als 5000 Mitglieder aufweist, engagieren. (via <a href=\"http:\/\/www.macrumors.com\/2014\/10\/28\/macbook-pro-2011-graphics-lawsuit\/\">Mac Rumors<\/a>)<img loading=\"lazy\" decoding=\"async\" src=\"http:\/\/vg02.met.vgwort.de\/na\/a6967729961641e9a8ad19b2a597d7c4\" width=\"1\" height=\"1\" class=\"tracking\"><\/p>\n","protected":false},"excerpt":{"rendered":"<a href=\"https:\/\/www.ifun.de\/sammelklage-wegen-grafikproblemen-beim-macbook-pro-2011-68473\/\"><img decoding=\"async\" width=\"150\" src=\"http:\/\/images.ifun.de\/wp-content\/uploads\/2014\/01\/50041.jpg\" class=\"alignright wp-post-image tfe\" alt=\"500\" title=\"\" \/><\/a><p>\u00dcber die bei den 15\u201c- und 17\u201c-Modellen des MacBook Pro 2011 geh\u00e4uft auftretenden Grafikprobleme haben wir ja bereits mehrfach berichtet. Nachdem Apple sich gegen\u00fcber Vorw\u00fcrfen einen Produktionsfehler betreffend bislang uneinsichtig zeigt, sieht sich das Unternehmen diesbez\u00fcglich nun mit einer Sammelklage (PDF-Link) konfrontiert. Die hinter der Klage stehende amerikanische Anwaltskanzlei vertritt zun\u00e4chst nur betroffene Nutzer in [&hellip;]<\/p>\n","protected":false},"author":2,"featured_media":0,"comment_status":"open","ping_status":"closed","sticky":false,"template":"","format":"standard","meta":{"_acf_changed":false,"footnotes":""},"categories":[3,1783],"tags":[236,200,2548,224,391,123],"class_list":["post-68473","post","type-post","status-publish","format-standard","hentry","category-apple","category-feature","tag-garantie","tag-grafik","tag-kulanz","tag-macbook-pro","tag-probleme","tag-reparatur"],"acf":[],"aioseo_notices":[],"featured_image":["http:\/\/images.ifun.de\/wp-content\/uploads\/2014\/01\/header116.jpg"],"rest_api_enabler":{"featured_image":"http:\/\/images.ifun.de\/wp-content\/uploads\/2014\/01\/header116.jpg"},"_links":{"self":[{"href":"https:\/\/www.ifun.de\/apiv2\/wp\/v2\/posts\/68473","targetHints":{"allow":["GET"]}}],"collection":[{"href":"https:\/\/www.ifun.de\/apiv2\/wp\/v2\/posts"}],"about":[{"href":"https:\/\/www.ifun.de\/apiv2\/wp\/v2\/types\/post"}],"author":[{"embeddable":true,"href":"https:\/\/www.ifun.de\/apiv2\/wp\/v2\/users\/2"}],"replies":[{"embeddable":true,"href":"https:\/\/www.ifun.de\/apiv2\/wp\/v2\/comments?post=68473"}],"version-history":[{"count":5,"href":"https:\/\/www.ifun.de\/apiv2\/wp\/v2\/posts\/68473\/revisions"}],"predecessor-version":[{"id":68478,"href":"https:\/\/www.ifun.de\/apiv2\/wp\/v2\/posts\/68473\/revisions\/68478"}],"wp:attachment":[{"href":"https:\/\/www.ifun.de\/apiv2\/wp\/v2\/media?parent=68473"}],"wp:term":[{"taxonomy":"category","embeddable":true,"href":"https:\/\/www.ifun.de\/apiv2\/wp\/v2\/categories?post=68473"},{"taxonomy":"post_tag","embeddable":true,"href":"https:\/\/www.ifun.de\/apiv2\/wp\/v2\/tags?post=68473"}],"curies":[{"name":"wp","href":"https:\/\/api.w.org\/{rel}","templated":true}]}}