{"id":68467,"date":"2014-10-28T18:32:52","date_gmt":"2014-10-28T17:32:52","guid":{"rendered":"http:\/\/www.ifun.de\/?p=68467"},"modified":"2014-10-28T18:32:52","modified_gmt":"2014-10-28T17:32:52","slug":"office-fuer-mac-weitere-bilder-und-infos-aus-inoffizieller-quelle","status":"publish","type":"post","link":"https:\/\/www.ifun.de\/office-fuer-mac-weitere-bilder-und-infos-aus-inoffizieller-quelle-68467\/","title":{"rendered":"Office f\u00fcr Mac: Weitere Bilder und Infos aus inoffizieller Quelle"},"content":{"rendered":"<p>Ein Nachschlag noch zu unserem <a href=\"http:\/\/www.ifun.de\/microsoft-screenshots-zeigen-outlook-fuer-mac-unbegrenzter-speicherplatz-bei-onedrive-68396\/\">gestrigen Artikel<\/a> zum Thema \u201eMicrosoft Office f\u00fcr Mac\u201c. Die chinesische Webseite <a href=\"http:\/\/www.cnbeta.com\/articles\/340837.htm\">cnBeta<\/a> hat eine Reihe weiterer, Microsoft-Unterlagen ver\u00f6ffentlicht, die zumindest den Anschein erwecken, als werde es in diesem Jahr nichts mehr mit \u201eOffice Mac:2014\u201c.<\/p>\n<p><a href=\"http:\/\/images.ifun.de\/wp-content\/uploads\/2014\/10\/timeline.jpg\"><img loading=\"lazy\" decoding=\"async\" src=\"http:\/\/images.ifun.de\/wp-content\/uploads\/2014\/10\/timeline.jpg\" alt=\"timeline\" width=\"500\" height=\"279\" class=\"aligncenter size-full wp-image-68469\" srcset=\"https:\/\/images.ifun.de\/wp-content\/uploads\/2014\/10\/timeline.jpg 500w, https:\/\/images.ifun.de\/wp-content\/uploads\/2014\/10\/timeline-300x167.jpg 300w\" sizes=\"auto, (max-width: 500px) 100vw, 500px\" \/><\/a><\/p>\n<p>Ein als \u201evertraulich\u201c gekennzeichneter Ver\u00f6ffentlichungsplan schiebt das \u201eNext Office for Mac\u201c in die erste Jahresh\u00e4lfte 2015. Allerdings f\u00fchrt Plan f\u00fcr dieses Jahr bereits eine Beta-Version von Office f\u00fcr Mac und wir wollen nicht komplett ausschlie\u00dfen, dass Microsoft diese f\u00fcr interessierte Nutzer vorab freigibt. Ohnehin machen die ver\u00f6ffentlichten Microsoft-Dokumente zwar einen authentischen Eindruck, sollten aber keineswegs als offizielle Best\u00e4tigung f\u00fcr die Planung gewertet werden.<\/p>\n<p>Auf weiteren Bildern sind dem Anschein nach Ausschnitte aus einer Pr\u00e4sentation zu sehen, die verschiedene Kernfunktionen der neuen Office-Version thematisieren. Darunter die grundlegend \u00fcberarbeitete Benutzeroberfl\u00e4che mit Retina-Unterst\u00fctzung, Cloud-Anbindung und eine vollwertige Outlook-Version f\u00fcr den Mac.<\/p>\n<p><a href=\"http:\/\/images.ifun.de\/wp-content\/uploads\/2014\/10\/news.jpg\"><img loading=\"lazy\" decoding=\"async\" src=\"http:\/\/images.ifun.de\/wp-content\/uploads\/2014\/10\/news.jpg\" alt=\"news\" width=\"600\" height=\"333\" class=\"aligncenter size-full wp-image-68470\" srcset=\"https:\/\/images.ifun.de\/wp-content\/uploads\/2014\/10\/news.jpg 600w, https:\/\/images.ifun.de\/wp-content\/uploads\/2014\/10\/news-300x166.jpg 300w\" sizes=\"auto, (max-width: 600px) 100vw, 600px\" \/><\/a><\/p>\n<p><a href=\"http:\/\/images.ifun.de\/wp-content\/uploads\/2014\/10\/outlook.jpg\"><img loading=\"lazy\" decoding=\"async\" src=\"http:\/\/images.ifun.de\/wp-content\/uploads\/2014\/10\/outlook.jpg\" alt=\"outlook\" width=\"600\" height=\"336\" class=\"aligncenter size-full wp-image-68471\" srcset=\"https:\/\/images.ifun.de\/wp-content\/uploads\/2014\/10\/outlook.jpg 600w, https:\/\/images.ifun.de\/wp-content\/uploads\/2014\/10\/outlook-300x168.jpg 300w\" sizes=\"auto, (max-width: 600px) 100vw, 600px\" \/><\/a><\/p>\n","protected":false},"excerpt":{"rendered":"<a href=\"https:\/\/www.ifun.de\/office-fuer-mac-weitere-bilder-und-infos-aus-inoffizieller-quelle-68467\/\"><img width=\"150\" height=\"150\" src=\"https:\/\/images.ifun.de\/wp-content\/uploads\/2014\/03\/office-150x150.jpg\" class=\"alignright tfe wp-post-image\" alt=\"\" decoding=\"async\" loading=\"lazy\" \/><\/a><p>Ein Nachschlag noch zu unserem gestrigen Artikel zum Thema \u201eMicrosoft Office f\u00fcr Mac\u201c. Die chinesische Webseite cnBeta hat eine Reihe weiterer, Microsoft-Unterlagen ver\u00f6ffentlicht, die zumindest den Anschein erwecken, als werde es in diesem Jahr nichts mehr mit \u201eOffice Mac:2014\u201c. Ein als \u201evertraulich\u201c gekennzeichneter Ver\u00f6ffentlichungsplan schiebt das \u201eNext Office for Mac\u201c in die erste Jahresh\u00e4lfte 2015. [&hellip;]<\/p>\n","protected":false},"author":2,"featured_media":56436,"comment_status":"open","ping_status":"closed","sticky":false,"template":"","format":"standard","meta":{"_acf_changed":false,"footnotes":""},"categories":[16],"tags":[6321,216,83,52],"class_list":["post-68467","post","type-post","status-publish","format-standard","has-post-thumbnail","hentry","category-mac","tag-mac","tag-microsoft","tag-office","tag-software"],"acf":[],"aioseo_notices":[],"featured_image":["http:\/\/images.ifun.de\/wp-content\/uploads\/2014\/10\/office-header1.jpg"],"rest_api_enabler":{"featured_image":"http:\/\/images.ifun.de\/wp-content\/uploads\/2014\/10\/office-header1.jpg"},"_links":{"self":[{"href":"https:\/\/www.ifun.de\/apiv2\/wp\/v2\/posts\/68467","targetHints":{"allow":["GET"]}}],"collection":[{"href":"https:\/\/www.ifun.de\/apiv2\/wp\/v2\/posts"}],"about":[{"href":"https:\/\/www.ifun.de\/apiv2\/wp\/v2\/types\/post"}],"author":[{"embeddable":true,"href":"https:\/\/www.ifun.de\/apiv2\/wp\/v2\/users\/2"}],"replies":[{"embeddable":true,"href":"https:\/\/www.ifun.de\/apiv2\/wp\/v2\/comments?post=68467"}],"version-history":[{"count":1,"href":"https:\/\/www.ifun.de\/apiv2\/wp\/v2\/posts\/68467\/revisions"}],"predecessor-version":[{"id":68472,"href":"https:\/\/www.ifun.de\/apiv2\/wp\/v2\/posts\/68467\/revisions\/68472"}],"wp:featuredmedia":[{"embeddable":true,"href":"https:\/\/www.ifun.de\/apiv2\/wp\/v2\/media\/56436"}],"wp:attachment":[{"href":"https:\/\/www.ifun.de\/apiv2\/wp\/v2\/media?parent=68467"}],"wp:term":[{"taxonomy":"category","embeddable":true,"href":"https:\/\/www.ifun.de\/apiv2\/wp\/v2\/categories?post=68467"},{"taxonomy":"post_tag","embeddable":true,"href":"https:\/\/www.ifun.de\/apiv2\/wp\/v2\/tags?post=68467"}],"curies":[{"name":"wp","href":"https:\/\/api.w.org\/{rel}","templated":true}]}}