{"id":67949,"date":"2014-10-20T08:39:22","date_gmt":"2014-10-20T06:39:22","guid":{"rendered":"http:\/\/www.ifun.de\/?p=67949"},"modified":"2014-10-20T08:57:43","modified_gmt":"2014-10-20T06:57:43","slug":"mac-mini-2014-multi-core-performance-schlechter-ram-fest-verloetet-kein-server-mehr","status":"publish","type":"post","link":"https:\/\/www.ifun.de\/mac-mini-2014-multi-core-performance-schlechter-ram-fest-verloetet-kein-server-mehr-67949\/","title":{"rendered":"Mac mini 2014: Magere Multi-Core-Leistung, RAM fest verl\u00f6tet, kein Server mehr"},"content":{"rendered":"<p>Parallel zur Vorstellung der <a href=\"http:\/\/www.ifun.de\/ipad-air-2-und-ipad-mini-3-lassen-sich-im-apple-onlinestore-bestellen-67875\/\">neuen iPads<\/a> und des <a href=\"http:\/\/www.ifun.de\/apples-5k-retina-imac-all-in-one-mit-beeindruckender-bildschirmdarstellung-67908\/\">Retina-iMac<\/a> hat Apple endlich auch das l\u00e4ngst f\u00e4llige Update f\u00fcr den <a href=\"http:\/\/ifun.de\/applestore\/http:\/\/store.apple.com\/de\/go\/macmini\">Mac mini<\/a> verk\u00fcndet. Die Aktualisierung sorgt aber nur eingeschr\u00e4nkt f\u00fcr Freude, denn potenzielle K\u00e4ufer m\u00fcssen sich mit einigen Einschr\u00e4nkungen arrangieren. Apple hat beim neuen Modell offenbar den RAM fest verl\u00f6tet, zudem soll der kleine Mac in der Multicore-Ausf\u00fchrung keine Verbesserung gegen\u00fcber dem Vorg\u00e4nger bringen. Auch die bislang verf\u00fcgbare Server-Option ist nicht mehr erh\u00e4ltlich.<\/p>\n<p><a href=\"http:\/\/images.ifun.de\/wp-content\/uploads\/2014\/10\/mac-mini-500.jpg\"><img loading=\"lazy\" decoding=\"async\" src=\"http:\/\/images.ifun.de\/wp-content\/uploads\/2014\/10\/mac-mini-500.jpg\" alt=\"mac-mini-500\" width=\"500\" height=\"364\" class=\"aligncenter size-full wp-image-67951\" srcset=\"https:\/\/images.ifun.de\/wp-content\/uploads\/2014\/10\/mac-mini-500.jpg 500w, https:\/\/images.ifun.de\/wp-content\/uploads\/2014\/10\/mac-mini-500-300x218.jpg 300w\" sizes=\"auto, (max-width: 500px) 100vw, 500px\" \/><\/a><\/p>\n<h2>Kein RAM-Tausch durch Endanwender<\/h2>\n<p><a href=\"http:\/\/blog.macminicolo.net\/post\/100240431773\/a-look-at-the-2014-mac-mini\">Macminicolo<\/a> ist ein Dienstleister, der Mac minis als Server f\u00fcr Endanwender vermietet. In einem Blogbeitrag best\u00e4tigt das Unternehmen nun, dass der Arbeitsspeicher des neuen Mac mini fest verl\u00f6tet und sich somit nicht vom Endnutzer tauschen l\u00e4sst. Eine Einschr\u00e4nkung die ihr unbedingt vor dem Kauf des Ger\u00e4ts in Betracht ziehen und je nach Anwendungszweck im Zweifel besser gleich zu einer gr\u00f6\u00dferen Arbeitsspeicherausstattung greifen solltet. Dies macht sich allerdings auch durch satte Preisspr\u00fcnge bemerkbar, der kleinste Mac mini f\u00fcr 519 Euro verteuert sich bei einer Erweiterung von 4 auf 16 GB Arbeitsspeicher beispielsweise um 300 Euro.<\/p>\n<p><a href=\"http:\/\/images.ifun.de\/wp-content\/uploads\/2014\/10\/mac-mini-vorne-hinten.jpg\"><img loading=\"lazy\" decoding=\"async\" src=\"http:\/\/images.ifun.de\/wp-content\/uploads\/2014\/10\/mac-mini-vorne-hinten.jpg\" alt=\"mac-mini-vorne-hinten\" width=\"700\" height=\"190\" class=\"aligncenter size-full wp-image-67952\" srcset=\"https:\/\/images.ifun.de\/wp-content\/uploads\/2014\/10\/mac-mini-vorne-hinten.jpg 700w, https:\/\/images.ifun.de\/wp-content\/uploads\/2014\/10\/mac-mini-vorne-hinten-300x81.jpg 300w\" sizes=\"auto, (max-width: 700px) 100vw, 700px\" \/><\/a><\/p>\n<p>Macminicolo \u00e4u\u00dfert sich auch zu der Frage, ob sich die im Mac mini verbaute Festplatte vom Endnutzer tauschen l\u00e4sst. Die soll grunds\u00e4tzlich m\u00f6glich, aber mit einem Garantieverlust verbunden sein.<\/p>\n<h2>Multi-Core-Performance schlechter als beim Vorg\u00e4nger<\/h2>\n<p>Erste Aussagen zu Performance des neuen Mac mini kommen von den Benchmark-Spezialisten <a href=\"http:\/\/www.primatelabs.com\/blog\/2014\/10\/estimating-mac-mini-performance\/\">GeekBench<\/a>. W\u00e4hrend der neue Mac mini bei der Single-Core-Performance zulegt, sei die Leistung bei Multi-Core-Anwendungen merklich schlechter als bei der Vorg\u00e4ngergeneration. Apple bietet bei den 2014er-Minis keine Quad-Core- sondern nur noch Dual-Core-Prozessoren an. Als m\u00f6glichen Grund hierf\u00fcr wird die Tatsache angef\u00fchrt, dass die Quad-Core-Prozessoren andere Sockel verwenden und Apple dementsprechend zwei verschiedene Motherboard-Layouts f\u00fcr den Mac mini f\u00fchren m\u00fcsste. Mit Blick auf die Zusatzkosten habe man sich dann wohl f\u00fcr diese weniger performante L\u00f6sung entschieden.<\/p>\n<p><a href=\"http:\/\/images.ifun.de\/wp-content\/uploads\/2014\/10\/mac-mini-single-core.jpg\"><img loading=\"lazy\" decoding=\"async\" src=\"http:\/\/images.ifun.de\/wp-content\/uploads\/2014\/10\/mac-mini-single-core.jpg\" alt=\"mac-mini-single-core\" width=\"700\" height=\"550\" class=\"aligncenter size-full wp-image-67955\" srcset=\"https:\/\/images.ifun.de\/wp-content\/uploads\/2014\/10\/mac-mini-single-core.jpg 700w, https:\/\/images.ifun.de\/wp-content\/uploads\/2014\/10\/mac-mini-single-core-300x235.jpg 300w\" sizes=\"auto, (max-width: 700px) 100vw, 700px\" \/><\/a><\/p>\n<p><a href=\"http:\/\/images.ifun.de\/wp-content\/uploads\/2014\/10\/mac-mini-multicore.jpg\"><img loading=\"lazy\" decoding=\"async\" src=\"http:\/\/images.ifun.de\/wp-content\/uploads\/2014\/10\/mac-mini-multicore.jpg\" alt=\"mac-mini-multicore\" width=\"700\" height=\"550\" class=\"aligncenter size-full wp-image-67956\" srcset=\"https:\/\/images.ifun.de\/wp-content\/uploads\/2014\/10\/mac-mini-multicore.jpg 700w, https:\/\/images.ifun.de\/wp-content\/uploads\/2014\/10\/mac-mini-multicore-300x235.jpg 300w\" sizes=\"auto, (max-width: 700px) 100vw, 700px\" \/><\/a><\/p>\n<p>Die <a href=\"http:\/\/www.primatelabs.com\/blog\/2014\/10\/estimating-mac-mini-performance\/\">GeekBench-Analysen<\/a> zeigen, dass der Mac mini im Single-Core-Bereich im Vergleich zur Vorg\u00e4ngergeneration um 2 bis 8 Prozent zugelegt, bei den Multi-Core-Anwendungen jedoch um bis zu 7 Prozent verloren hat.<\/p>\n<h2>Keine Server-Version mehr erh\u00e4ltlich<\/h2>\n<p>F\u00fcr Anwender, die den Mac mini als kompakten Server genutzt haben, kommt zus\u00e4tzlich zu den oben genannten Leistungseinbu\u00dfen noch die Tatsache zum tragen, dass Apple keine neue Serverversion des kleinen Mac anbietet. John Poole von GeekBench r\u00e4t vor diesem Hintergrund gar, bei Nutzung f\u00fcr intensive Aufgaben \u00fcber den Kauf eines Mac mini der Vorg\u00e4ngergeneration nachzudenken. Im deutschen <a href=\"http:\/\/ifun.de\/applestore\/http:\/\/store.apple.com\/de\/go\/specialdeals\">Apple Refurb Store<\/a> finden sich zumindest aktuelle jedoch keine der momentan wohl sehr gefragten Auslaufmodelle.<\/p>\n<p><a href=\"http:\/\/images.ifun.de\/wp-content\/uploads\/2014\/10\/mac-mini-hinten.jpg\"><img loading=\"lazy\" decoding=\"async\" src=\"http:\/\/images.ifun.de\/wp-content\/uploads\/2014\/10\/mac-mini-hinten.jpg\" alt=\"mac-mini-hinten\" width=\"700\" height=\"267\" class=\"aligncenter size-full wp-image-67953\" srcset=\"https:\/\/images.ifun.de\/wp-content\/uploads\/2014\/10\/mac-mini-hinten.jpg 700w, https:\/\/images.ifun.de\/wp-content\/uploads\/2014\/10\/mac-mini-hinten-300x114.jpg 300w\" sizes=\"auto, (max-width: 700px) 100vw, 700px\" \/><\/a><\/p>\n<p>Schade also. Apple hat den Mac mini zwar \u00fcberarbeitet und mit Blick auf die nun zwei verf\u00fcgbaren Thunderbolt-Anschl\u00fcsse, sowie verbesserte Grafik-Leistung und WLAN-Technik trotz Preissenkung durchaus auch aufgewertet, ob der beschriebenen Einschr\u00e4nkungen in Sachen Leistung und Upgrades wird der kleine Mac f\u00fcr ambitionierte und professionelle Nutzer jedoch ein ganzes St\u00fcck weniger attraktiv.<img loading=\"lazy\" decoding=\"async\" src=\"http:\/\/vg08.met.vgwort.de\/na\/d31c0bc0923d4d828002cc6dd5e8adce\" width=\"1\" height=\"1\" class=\"tracking\"><\/p>\n","protected":false},"excerpt":{"rendered":"<a href=\"https:\/\/www.ifun.de\/mac-mini-2014-multi-core-performance-schlechter-ram-fest-verloetet-kein-server-mehr-67949\/\"><img width=\"150\" height=\"150\" src=\"https:\/\/images.ifun.de\/wp-content\/uploads\/2014\/10\/mac-mini-500-150x150.jpg\" class=\"alignright tfe wp-post-image\" alt=\"\" decoding=\"async\" loading=\"lazy\" \/><\/a><p>Parallel zur Vorstellung der neuen iPads und des Retina-iMac hat Apple endlich auch das l\u00e4ngst f\u00e4llige Update f\u00fcr den Mac mini verk\u00fcndet. Die Aktualisierung sorgt aber nur eingeschr\u00e4nkt f\u00fcr Freude, denn potenzielle K\u00e4ufer m\u00fcssen sich mit einigen Einschr\u00e4nkungen arrangieren. Apple hat beim neuen Modell offenbar den RAM fest verl\u00f6tet, zudem soll der kleine Mac in [&hellip;]<\/p>\n","protected":false},"author":2,"featured_media":67951,"comment_status":"open","ping_status":"closed","sticky":false,"template":"","format":"standard","meta":{"_acf_changed":false,"footnotes":""},"categories":[16],"tags":[4736,184,6321,515,421],"class_list":["post-67949","post","type-post","status-publish","format-standard","has-post-thumbnail","hentry","category-mac","tag-apple","tag-computer","tag-mac","tag-mac-mini","tag-server"],"acf":[],"aioseo_notices":[],"featured_image":["http:\/\/images.ifun.de\/wp-content\/uploads\/2014\/10\/mac-mini-header.jpg"],"rest_api_enabler":{"featured_image":"http:\/\/images.ifun.de\/wp-content\/uploads\/2014\/10\/mac-mini-header.jpg"},"_links":{"self":[{"href":"https:\/\/www.ifun.de\/apiv2\/wp\/v2\/posts\/67949","targetHints":{"allow":["GET"]}}],"collection":[{"href":"https:\/\/www.ifun.de\/apiv2\/wp\/v2\/posts"}],"about":[{"href":"https:\/\/www.ifun.de\/apiv2\/wp\/v2\/types\/post"}],"author":[{"embeddable":true,"href":"https:\/\/www.ifun.de\/apiv2\/wp\/v2\/users\/2"}],"replies":[{"embeddable":true,"href":"https:\/\/www.ifun.de\/apiv2\/wp\/v2\/comments?post=67949"}],"version-history":[{"count":8,"href":"https:\/\/www.ifun.de\/apiv2\/wp\/v2\/posts\/67949\/revisions"}],"predecessor-version":[{"id":67963,"href":"https:\/\/www.ifun.de\/apiv2\/wp\/v2\/posts\/67949\/revisions\/67963"}],"wp:featuredmedia":[{"embeddable":true,"href":"https:\/\/www.ifun.de\/apiv2\/wp\/v2\/media\/67951"}],"wp:attachment":[{"href":"https:\/\/www.ifun.de\/apiv2\/wp\/v2\/media?parent=67949"}],"wp:term":[{"taxonomy":"category","embeddable":true,"href":"https:\/\/www.ifun.de\/apiv2\/wp\/v2\/categories?post=67949"},{"taxonomy":"post_tag","embeddable":true,"href":"https:\/\/www.ifun.de\/apiv2\/wp\/v2\/tags?post=67949"}],"curies":[{"name":"wp","href":"https:\/\/api.w.org\/{rel}","templated":true}]}}