{"id":67908,"date":"2014-10-18T11:02:44","date_gmt":"2014-10-18T09:02:44","guid":{"rendered":"http:\/\/www.ifun.de\/?p=67908"},"modified":"2014-10-20T11:21:21","modified_gmt":"2014-10-20T09:21:21","slug":"apples-5k-retina-imac-all-in-one-mit-beeindruckender-bildschirmdarstellung","status":"publish","type":"post","link":"https:\/\/www.ifun.de\/apples-5k-retina-imac-all-in-one-mit-beeindruckender-bildschirmdarstellung-67908\/","title":{"rendered":"Apples 5K Retina-iMac: All-in-One mit beeindruckender Bildschirmdarstellung"},"content":{"rendered":"<p>Mit dem neuen <a href=\"http:\/\/www.apple.com\/de\/imac-with-retina\/\">iMac mit 5K-Bildschirm<\/a> (die Produktseite ist einen Klick wert!) hat Apple nun den lange erwarteten 27\u201c-iMac mit Retina-Bildschirm im Programm. Wir hatten inzwischen Gelegenheit, uns ein pers\u00f6nliches Bild von der exzellenten Bildschirmdarstellung des neuen Mac zu machen.<\/p>\n<p><a href=\"http:\/\/images.ifun.de\/wp-content\/uploads\/2014\/10\/imac-500-paris.jpg\"><img loading=\"lazy\" decoding=\"async\" src=\"http:\/\/images.ifun.de\/wp-content\/uploads\/2014\/10\/imac-500-paris.jpg\" alt=\"imac-500-paris\" width=\"500\" height=\"315\" class=\"aligncenter size-full wp-image-67910\" srcset=\"https:\/\/images.ifun.de\/wp-content\/uploads\/2014\/10\/imac-500-paris.jpg 500w, https:\/\/images.ifun.de\/wp-content\/uploads\/2014\/10\/imac-500-paris-300x189.jpg 300w\" sizes=\"auto, (max-width: 500px) 100vw, 500px\" \/><\/a><\/p>\n<p>Um die Zahlen aus der Keynote zu wiederholen: Auf dem Bildschirm des neuen iMac finden sich 14,7 Millionen (5120 x 2880) Leuchtpunkte versammelt, das ist 7 x mehr als ein HD-Fernseher darstellt und liegt zudem noch deutlich \u00fcber dem, was momentan als 4K bzw. Ultra-HD als neuer Standard hochqualitative Videodarstellung bekannt ist. Apple bezeichnet den neuen iMac dementsprechend auch als \u201e5K-Display\u201c.<\/p>\n<p>Die Tatsache, dass diese enorme Zahl an Bildpunkten auf eine mit 27\u201c vergleichsweise kompakte Fl\u00e4che gepackt ist (denkt an euren 42\u201c-HD-Fernseher), f\u00fchrt zu einer au\u00dferordentlich detaillierten Bildschirmdarstellung. Apple hat die einzelnen Komponenten unter anderem auch um das d\u00fcnne Design des iMac beizubehalten extrem dicht aufeinander gepackt und verzichtet zudem auf Glas oder dergleichen als oberste Bildschirmschicht. Dies resultiert in einer wirklich eindrucksvollen Darstellungsqualit\u00e4t. Bildschirmspiegelungen sind extrem reduziert und man erh\u00e4lt fast den Eindruck, als l\u00e4gen die Pixel direkt \u201ean der Oberfl\u00e4che\u201c. Kombiniert mit der engen Anordnung der Bildpunkte und den damit zusammenh\u00e4ngenden hohen Farbkontrasten entsteht eine ausgesprochen detaillierte und verbl\u00fcffend r\u00e4umlich wirkende Bilddarstellung. Als kleines Beispiels f\u00fcr die Detailgenauigkeit: Auf dem Paris-Foto oben seht ihr hell am linken Rand den Triumphbogen. Auf dem iMac waren dort sogar noch die Personen auf dem Gehweg davor erkennbar.<\/p>\n<p><a href=\"http:\/\/images.ifun.de\/wp-content\/uploads\/2014\/10\/imac-retina.jpg\"><img loading=\"lazy\" decoding=\"async\" src=\"http:\/\/images.ifun.de\/wp-content\/uploads\/2014\/10\/imac-retina.jpg\" alt=\"imac-retina\" width=\"700\" height=\"494\" class=\"aligncenter size-full wp-image-67911\" srcset=\"https:\/\/images.ifun.de\/wp-content\/uploads\/2014\/10\/imac-retina.jpg 700w, https:\/\/images.ifun.de\/wp-content\/uploads\/2014\/10\/imac-retina-300x211.jpg 300w\" sizes=\"auto, (max-width: 700px) 100vw, 700px\" \/><\/a><\/p>\n<p>Dieser enorm gute Bildschirm macht den neuen iMac zum perfekten Werkzeug f\u00fcr Fotografen und Videofilmer. Dar\u00fcber hinaus bringt das Retina-Display beispielsweise durch seine extrem scharfe Textdarstellung auch die bereits von den Retina-MacBooks sonstigen Vorteile f\u00fcr alle weiteren Anwender. Beim Blick auf den Preis wird allerdings klar, dass der Retina-iMac zumindest vorerst eher die professionellen Mac-Nutzer im Auge hat. Ab 2599 Euro l\u00e4sst sich das Ger\u00e4t <a href=\"http:\/\/ifun.de\/applestore\/http:\/\/store.apple.com\/de\/go\/imac\">im Apple Store<\/a> bestellen, wobei die Hauptzielgruppe um eine Erweiterung des mit 8 GB in der Grundausstattung vergleichsweise sp\u00e4rlichen Arbeitsspeichers wohl nicht herumkommt. Zudem ist es insbesondere bei Videoanwendungen sicherlich von Vorteil, auch gleich das f\u00fcr 250 Euro angebotene Upgrade der Grafik-Einheit mitzunehmen. Unter 3000 Euro wird es bei vern\u00fcnftiger Ausstattung dann also eher nichts mit Apples neuem Retina-iMac.<\/p>\n<h2>Der iMac als 4K-Bildschirm<\/h2>\n<p>Apple hat bei der Pr\u00e4sentation des neuen iMac ja auch darauf abgehoben, dass dieser mehr Aufl\u00f6sung als g\u00e4ngige 4K-Bildschirme biete, aber dennoch g\u00fcnstiger sei. Dieser Punkt l\u00e4sst sich zumindest wenn man die Darstellungsqualit\u00e4t der Bildschirme mit einbezieht nicht unbedingt leugnen. Doof nur, dass sich der iMac nicht als ein solches Display nutzen l\u00e4sst. Wer mit dem Mac Pro Apples teuersten Desktop-Rechner auf dem Schreibtisch stehen hat, ist auf ein Produkt von anderen Herstellern angewiesen. Apple bietet weiterhin weder einen echten 4K-Bildschirm an, noch die M\u00f6glichkeit, den iMac als solchen zu verwenden.<\/p>\n<p>An den iMac lassen sich andersrum jedoch externe Thunderbolt-Bildschirme anschlie\u00dfen. Trotz der zwei verf\u00fcgbaren Ports wird hier aber nur maximal ein externer Bildschirm unterst\u00fctzt.<\/p>\n<p><a href=\"http:\/\/images.ifun.de\/wp-content\/uploads\/2014\/10\/imac-anschluesse.jpg\"><img loading=\"lazy\" decoding=\"async\" src=\"http:\/\/images.ifun.de\/wp-content\/uploads\/2014\/10\/imac-anschluesse.jpg\" alt=\"imac-anschluesse\" width=\"700\" height=\"370\" class=\"aligncenter size-full wp-image-67915\" srcset=\"https:\/\/images.ifun.de\/wp-content\/uploads\/2014\/10\/imac-anschluesse.jpg 700w, https:\/\/images.ifun.de\/wp-content\/uploads\/2014\/10\/imac-anschluesse-300x158.jpg 300w\" sizes=\"auto, (max-width: 700px) 100vw, 700px\" \/><\/a><\/p>\n","protected":false},"excerpt":{"rendered":"<a href=\"https:\/\/www.ifun.de\/apples-5k-retina-imac-all-in-one-mit-beeindruckender-bildschirmdarstellung-67908\/\"><img width=\"150\" height=\"150\" src=\"https:\/\/images.ifun.de\/wp-content\/uploads\/2014\/10\/imac-500-paris-150x150.jpg\" class=\"alignright tfe wp-post-image\" alt=\"\" decoding=\"async\" loading=\"lazy\" \/><\/a><p>Mit dem neuen iMac mit 5K-Bildschirm (die Produktseite ist einen Klick wert!) hat Apple nun den lange erwarteten 27\u201c-iMac mit Retina-Bildschirm im Programm. Wir hatten inzwischen Gelegenheit, uns ein pers\u00f6nliches Bild von der exzellenten Bildschirmdarstellung des neuen Mac zu machen. Um die Zahlen aus der Keynote zu wiederholen: Auf dem Bildschirm des neuen iMac finden [&hellip;]<\/p>\n","protected":false},"author":2,"featured_media":67910,"comment_status":"open","ping_status":"closed","sticky":false,"template":"","format":"standard","meta":{"_acf_changed":false,"footnotes":""},"categories":[16,1783],"tags":[2538,393,524],"class_list":["post-67908","post","type-post","status-publish","format-standard","has-post-thumbnail","hentry","category-mac","category-feature","tag-5k","tag-imac","tag-retina"],"acf":[],"aioseo_notices":[],"featured_image":["http:\/\/images.ifun.de\/wp-content\/uploads\/2014\/10\/imac-header.jpg"],"rest_api_enabler":{"featured_image":"http:\/\/images.ifun.de\/wp-content\/uploads\/2014\/10\/imac-header.jpg"},"_links":{"self":[{"href":"https:\/\/www.ifun.de\/apiv2\/wp\/v2\/posts\/67908","targetHints":{"allow":["GET"]}}],"collection":[{"href":"https:\/\/www.ifun.de\/apiv2\/wp\/v2\/posts"}],"about":[{"href":"https:\/\/www.ifun.de\/apiv2\/wp\/v2\/types\/post"}],"author":[{"embeddable":true,"href":"https:\/\/www.ifun.de\/apiv2\/wp\/v2\/users\/2"}],"replies":[{"embeddable":true,"href":"https:\/\/www.ifun.de\/apiv2\/wp\/v2\/comments?post=67908"}],"version-history":[{"count":5,"href":"https:\/\/www.ifun.de\/apiv2\/wp\/v2\/posts\/67908\/revisions"}],"predecessor-version":[{"id":67918,"href":"https:\/\/www.ifun.de\/apiv2\/wp\/v2\/posts\/67908\/revisions\/67918"}],"wp:featuredmedia":[{"embeddable":true,"href":"https:\/\/www.ifun.de\/apiv2\/wp\/v2\/media\/67910"}],"wp:attachment":[{"href":"https:\/\/www.ifun.de\/apiv2\/wp\/v2\/media?parent=67908"}],"wp:term":[{"taxonomy":"category","embeddable":true,"href":"https:\/\/www.ifun.de\/apiv2\/wp\/v2\/categories?post=67908"},{"taxonomy":"post_tag","embeddable":true,"href":"https:\/\/www.ifun.de\/apiv2\/wp\/v2\/tags?post=67908"}],"curies":[{"name":"wp","href":"https:\/\/api.w.org\/{rel}","templated":true}]}}