{"id":67861,"date":"2014-10-17T07:04:59","date_gmt":"2014-10-17T05:04:59","guid":{"rendered":"http:\/\/www.ifun.de\/?p=67861"},"modified":"2014-10-17T07:04:59","modified_gmt":"2014-10-17T05:04:59","slug":"keynote-zum-ipad-air-2-und-27-retina-imac-als-aufzeichnung-und-download-verfuegbar","status":"publish","type":"post","link":"https:\/\/www.ifun.de\/keynote-zum-ipad-air-2-und-27-retina-imac-als-aufzeichnung-und-download-verfuegbar-67861\/","title":{"rendered":"Keynote zum iPad Air 2 und 27&#8243; Retina-iMac als Aufzeichnung und Download verf\u00fcgbar"},"content":{"rendered":"<p>Der Livestream zur iPad- und Mac-Keynote hat ja weitgehend reibungslos funktoniert. Wer gestern allerdings keine Zeit hatte, oder sich die knapp anderthalb Stunden lange Veranstaltung noch einmal in Ruhe ansehen m\u00f6chte, kann sich inzwischen auch die <a href=\"http:\/\/www.apple.com\/apple-events\/2014-oct-event\/\">Videoaufzeichnung<\/a> der Vorstellung der neuen iPads und des iMac mit Retina-Bildschirm ansehen.<\/p>\n<p><a href=\"http:\/\/images.ifun.de\/wp-content\/uploads\/2014\/10\/keynote-500.jpg\"><img loading=\"lazy\" decoding=\"async\" src=\"http:\/\/images.ifun.de\/wp-content\/uploads\/2014\/10\/keynote-500.jpg\" alt=\"keynote-500\" width=\"500\" height=\"277\" class=\"aligncenter size-full wp-image-67864\" srcset=\"https:\/\/images.ifun.de\/wp-content\/uploads\/2014\/10\/keynote-500.jpg 500w, https:\/\/images.ifun.de\/wp-content\/uploads\/2014\/10\/keynote-500-300x166.jpg 300w\" sizes=\"auto, (max-width: 500px) 100vw, 500px\" \/><\/a><\/p>\n<p>Dar\u00fcber hinaus l\u00e4sst sich die Oktober-Keynote nun auch in drei verschiedenen Version \u00fcber die Apple Video-Podcasts zum Mitnehmen herunterladen:<\/p>\n<ul>\n<li><a href=\"https:\/\/itunes.apple.com\/de\/podcast\/apple-keynotes\/id275834665?mt=2\">Apple Keynotes<\/a> (SD)<\/li>\n<li><a href=\"https:\/\/itunes.apple.com\/de\/podcast\/apple-keynotes-hd\/id470664050?mt=2\">Apple Keynotes<\/a> (HD)<\/li>\n<li><a href=\"https:\/\/itunes.apple.com\/de\/podcast\/apple-keynotes-1080p\/id509310064?mt=2\">Apple Keynotes<\/a> (Full HD)<\/li>\n<\/ul>\n","protected":false},"excerpt":{"rendered":"<a href=\"https:\/\/www.ifun.de\/keynote-zum-ipad-air-2-und-27-retina-imac-als-aufzeichnung-und-download-verfuegbar-67861\/\"><img width=\"150\" height=\"150\" src=\"https:\/\/images.ifun.de\/wp-content\/uploads\/2014\/10\/keynote-header-150x150.jpg\" class=\"alignright tfe wp-post-image\" alt=\"\" decoding=\"async\" loading=\"lazy\" \/><\/a><p>Der Livestream zur iPad- und Mac-Keynote hat ja weitgehend reibungslos funktoniert. Wer gestern allerdings keine Zeit hatte, oder sich die knapp anderthalb Stunden lange Veranstaltung noch einmal in Ruhe ansehen m\u00f6chte, kann sich inzwischen auch die Videoaufzeichnung der Vorstellung der neuen iPads und des iMac mit Retina-Bildschirm ansehen. Dar\u00fcber hinaus l\u00e4sst sich die Oktober-Keynote nun [&hellip;]<\/p>\n","protected":false},"author":2,"featured_media":67863,"comment_status":"open","ping_status":"closed","sticky":false,"template":"","format":"standard","meta":{"_acf_changed":false,"footnotes":""},"categories":[20],"tags":[70,393,2530,446,524,31],"class_list":["post-67861","post","type-post","status-publish","format-standard","has-post-thumbnail","hentry","category-videos","tag-download","tag-imac","tag-ipad-air-2","tag-podcast","tag-retina","tag-video"],"acf":[],"aioseo_notices":[],"featured_image":["http:\/\/images.ifun.de\/wp-content\/uploads\/2014\/10\/keynote-header.jpg"],"rest_api_enabler":{"featured_image":"http:\/\/images.ifun.de\/wp-content\/uploads\/2014\/10\/keynote-header.jpg"},"_links":{"self":[{"href":"https:\/\/www.ifun.de\/apiv2\/wp\/v2\/posts\/67861","targetHints":{"allow":["GET"]}}],"collection":[{"href":"https:\/\/www.ifun.de\/apiv2\/wp\/v2\/posts"}],"about":[{"href":"https:\/\/www.ifun.de\/apiv2\/wp\/v2\/types\/post"}],"author":[{"embeddable":true,"href":"https:\/\/www.ifun.de\/apiv2\/wp\/v2\/users\/2"}],"replies":[{"embeddable":true,"href":"https:\/\/www.ifun.de\/apiv2\/wp\/v2\/comments?post=67861"}],"version-history":[{"count":2,"href":"https:\/\/www.ifun.de\/apiv2\/wp\/v2\/posts\/67861\/revisions"}],"predecessor-version":[{"id":67865,"href":"https:\/\/www.ifun.de\/apiv2\/wp\/v2\/posts\/67861\/revisions\/67865"}],"wp:featuredmedia":[{"embeddable":true,"href":"https:\/\/www.ifun.de\/apiv2\/wp\/v2\/media\/67863"}],"wp:attachment":[{"href":"https:\/\/www.ifun.de\/apiv2\/wp\/v2\/media?parent=67861"}],"wp:term":[{"taxonomy":"category","embeddable":true,"href":"https:\/\/www.ifun.de\/apiv2\/wp\/v2\/categories?post=67861"},{"taxonomy":"post_tag","embeddable":true,"href":"https:\/\/www.ifun.de\/apiv2\/wp\/v2\/tags?post=67861"}],"curies":[{"name":"wp","href":"https:\/\/api.w.org\/{rel}","templated":true}]}}