{"id":67785,"date":"2014-10-16T18:44:17","date_gmt":"2014-10-16T16:44:17","guid":{"rendered":"http:\/\/www.ifun.de\/?p=67785"},"modified":"2014-10-16T19:58:39","modified_gmt":"2014-10-16T17:58:39","slug":"apple-event-alle-news-im-ueberblick","status":"publish","type":"post","link":"https:\/\/www.ifun.de\/apple-event-alle-news-im-ueberblick-67785\/","title":{"rendered":"Apple Event: Alle News im \u00dcberblick"},"content":{"rendered":"<h3>Hier die Links zu aktuellen Artikeln<\/h3>\n<ul>\n<li><a href=\"http:\/\/www.iphone-ticker.de\/apple-apple-pay-us-start-am-montag-watchkit-fuer-entwickler-im-november-72783\/\">Apple Pay startet am Montag &#8211; WatchKit f\u00fcr Apple-Watch-Entwickler im November<\/a><\/li>\n<li><a href=\"http:\/\/www.iphone-ticker.de\/apple-veroeffentlicht-ios-8-1am-montag-72790\/\">iOS 8.1 kommt am Montag<\/a><\/li>\n<\/ul>\n<p>Von 19 bis voraussichtlich 21 Uhr findet heute in Cupertino das diesj\u00e4hrige &#8222;iPad-Event&#8220; statt. W\u00e4hrend die neuen iPads mittlerweile best\u00e4tigt sind, bleibt offen, ob Tim Cook noch <a href=\"http:\/\/www.ifun.de\/its-been-way-too-long-auf-was-warten-wir-morgen-ausser-den-ipads-67682\/\">weitere Produktneuheiten<\/a> aus dem Hut zaubert.<\/p>\n<p><a href=\"http:\/\/images.ifun.de\/wp-content\/uploads\/2014\/10\/event.jpg\"><img loading=\"lazy\" decoding=\"async\" src=\"http:\/\/images.ifun.de\/wp-content\/uploads\/2014\/10\/event.jpg\" alt=\"event\" width=\"500\" height=\"342\" class=\"aligncenter size-full wp-image-67789\" srcset=\"https:\/\/images.ifun.de\/wp-content\/uploads\/2014\/10\/event.jpg 500w, https:\/\/images.ifun.de\/wp-content\/uploads\/2014\/10\/event-300x205.jpg 300w\" sizes=\"auto, (max-width: 500px) 100vw, 500px\" \/><\/a><\/p>\n<p>Apple \u00fcbertr\u00e4gt die Veranstaltung per <a href=\"http:\/\/www.ifun.de\/apple-keynote-livestream-auf-apple-tv-67707\/\">Livestream<\/a>. Parallel dazu informieren wir euch auf <a href=\"http:\/\/www.ifun.de\/\">ifun.de<\/a> und dem <a href=\"http:\/\/www.iphone-ticker.de\/\">iPhone-Ticker.de<\/a> \u00fcber alle relevanten Neuerungen und liefern im Anschluss an das Event erste Hands-on-Eindr\u00fccke.<\/p>\n","protected":false},"excerpt":{"rendered":"<a href=\"https:\/\/www.ifun.de\/apple-event-alle-news-im-ueberblick-67785\/\"><img width=\"150\" height=\"150\" src=\"https:\/\/images.ifun.de\/wp-content\/uploads\/2014\/10\/event-150x150.jpg\" class=\"alignright tfe wp-post-image\" alt=\"\" decoding=\"async\" loading=\"lazy\" \/><\/a><p>Hier die Links zu aktuellen Artikeln Apple Pay startet am Montag &#8211; WatchKit f\u00fcr Apple-Watch-Entwickler im November iOS 8.1 kommt am Montag Von 19 bis voraussichtlich 21 Uhr findet heute in Cupertino das diesj\u00e4hrige &#8222;iPad-Event&#8220; statt. W\u00e4hrend die neuen iPads mittlerweile best\u00e4tigt sind, bleibt offen, ob Tim Cook noch weitere Produktneuheiten aus dem Hut zaubert. [&hellip;]<\/p>\n","protected":false},"author":2,"featured_media":67789,"comment_status":"open","ping_status":"closed","sticky":false,"template":"","format":"standard","meta":{"_acf_changed":false,"footnotes":""},"categories":[3],"tags":[308],"class_list":["post-67785","post","type-post","status-publish","format-standard","has-post-thumbnail","hentry","category-apple","tag-apple-event"],"acf":[],"aioseo_notices":[],"featured_image":["http:\/\/images.ifun.de\/wp-content\/uploads\/2014\/10\/way-tool-long-header.jpg"],"rest_api_enabler":{"featured_image":"http:\/\/images.ifun.de\/wp-content\/uploads\/2014\/10\/way-tool-long-header.jpg"},"_links":{"self":[{"href":"https:\/\/www.ifun.de\/apiv2\/wp\/v2\/posts\/67785","targetHints":{"allow":["GET"]}}],"collection":[{"href":"https:\/\/www.ifun.de\/apiv2\/wp\/v2\/posts"}],"about":[{"href":"https:\/\/www.ifun.de\/apiv2\/wp\/v2\/types\/post"}],"author":[{"embeddable":true,"href":"https:\/\/www.ifun.de\/apiv2\/wp\/v2\/users\/2"}],"replies":[{"embeddable":true,"href":"https:\/\/www.ifun.de\/apiv2\/wp\/v2\/comments?post=67785"}],"version-history":[{"count":8,"href":"https:\/\/www.ifun.de\/apiv2\/wp\/v2\/posts\/67785\/revisions"}],"predecessor-version":[{"id":67807,"href":"https:\/\/www.ifun.de\/apiv2\/wp\/v2\/posts\/67785\/revisions\/67807"}],"wp:featuredmedia":[{"embeddable":true,"href":"https:\/\/www.ifun.de\/apiv2\/wp\/v2\/media\/67789"}],"wp:attachment":[{"href":"https:\/\/www.ifun.de\/apiv2\/wp\/v2\/media?parent=67785"}],"wp:term":[{"taxonomy":"category","embeddable":true,"href":"https:\/\/www.ifun.de\/apiv2\/wp\/v2\/categories?post=67785"},{"taxonomy":"post_tag","embeddable":true,"href":"https:\/\/www.ifun.de\/apiv2\/wp\/v2\/tags?post=67785"}],"curies":[{"name":"wp","href":"https:\/\/api.w.org\/{rel}","templated":true}]}}