{"id":6770,"date":"2010-08-25T23:14:53","date_gmt":"2010-12-02T20:31:24","guid":{"rendered":""},"modified":"2010-12-02T20:31:24","modified_gmt":"2010-12-02T20:31:24","slug":"apple-ipod-event-fur-den-1-september-angekundigt","status":"publish","type":"post","link":"https:\/\/www.ifun.de\/apple-ipod-event-fur-den-1-september-angekundigt-6770\/","title":{"rendered":"Apple &#8222;iPod Event&#8220; f\u00fcr den 1. September angek\u00fcndigt"},"content":{"rendered":"<p>Apple hat heute an ausgew\u00e4hlte Medienvertreter Einladungen f\u00fcr das diesj\u00e4hrige &#8222;iPod Event&#8220; verschickt. Die Veranstaltung findet am 1. September um 10 Uhr Ortszeit (19 Uhr MEZ) in San Francisco statt, und liegt damit rund eine Woche vor dem urspr\u00fcnglich erwarteten Termin um den 8. September.<\/p>\n<p>\nIm Gegensatz zu den vergangenen Jahren verzichtet die Einladung auf jegliche \u00dcberschrift oder sonstige Andeutung in Textform, sonder pr\u00e4sentiert lediglich eine akustische Gitarre mit Apple-Logo-f\u00f6rmigem Klangloch.\n<\/p>\n<p>Wie gewohnt werden wir euch auch n\u00e4chsten Mittwoch mit einem Live-Ticker auf dem Laufenden halten &#8211; bis dahin w\u00fcnschen wir frohes Spekulieren!<\/p>\n<p>\n<img decoding=\"async\" src=\"http:\/\/images.ifun.de\/wp-content\/mosimages\/images\/stories\/0094\/special_event_2010.jpg\"><\/p>\n","protected":false},"excerpt":{"rendered":"<a href=\"https:\/\/www.ifun.de\/apple-ipod-event-fur-den-1-september-angekundigt-6770\/\"><img decoding=\"async\" width=\"150\" src=\"http:\/\/images.ifun.de\/wp-content\/mosimages\/images\/stories\/0094\/special_event_2010.jpg\" class=\"alignright wp-post-image tfe\" alt=\"\" title=\"\" \/><\/a><p>Apple hat heute an ausgew\u00e4hlte Medienvertreter Einladungen f\u00fcr das diesj\u00e4hrige &#8222;iPod Event&#8220; verschickt. Die Veranstaltung findet am 1. September um 10 Uhr Ortszeit (19 Uhr MEZ) in San Francisco statt, und liegt damit rund eine Woche vor dem urspr\u00fcnglich erwarteten Termin um den 8. September. Im Gegensatz zu den vergangenen Jahren verzichtet die Einladung auf [&hellip;]<\/p>\n","protected":false},"author":1,"featured_media":0,"comment_status":"open","ping_status":"open","sticky":false,"template":"","format":"standard","meta":{"_acf_changed":false,"footnotes":""},"categories":[],"tags":[],"class_list":["post-6770","post","type-post","status-publish","format-standard","hentry"],"acf":[],"aioseo_notices":[],"rest_api_enabler":[],"_links":{"self":[{"href":"https:\/\/www.ifun.de\/apiv2\/wp\/v2\/posts\/6770","targetHints":{"allow":["GET"]}}],"collection":[{"href":"https:\/\/www.ifun.de\/apiv2\/wp\/v2\/posts"}],"about":[{"href":"https:\/\/www.ifun.de\/apiv2\/wp\/v2\/types\/post"}],"author":[{"embeddable":true,"href":"https:\/\/www.ifun.de\/apiv2\/wp\/v2\/users\/1"}],"replies":[{"embeddable":true,"href":"https:\/\/www.ifun.de\/apiv2\/wp\/v2\/comments?post=6770"}],"version-history":[{"count":0,"href":"https:\/\/www.ifun.de\/apiv2\/wp\/v2\/posts\/6770\/revisions"}],"wp:attachment":[{"href":"https:\/\/www.ifun.de\/apiv2\/wp\/v2\/media?parent=6770"}],"wp:term":[{"taxonomy":"category","embeddable":true,"href":"https:\/\/www.ifun.de\/apiv2\/wp\/v2\/categories?post=6770"},{"taxonomy":"post_tag","embeddable":true,"href":"https:\/\/www.ifun.de\/apiv2\/wp\/v2\/tags?post=6770"}],"curies":[{"name":"wp","href":"https:\/\/api.w.org\/{rel}","templated":true}]}}