{"id":67665,"date":"2014-10-15T07:59:53","date_gmt":"2014-10-15T05:59:53","guid":{"rendered":"http:\/\/www.ifun.de\/?p=67665"},"modified":"2014-10-15T08:04:39","modified_gmt":"2014-10-15T06:04:39","slug":"naechste-generation-duenner-huellen-fuer-das-ipad-air-im-ausverkauf","status":"publish","type":"post","link":"https:\/\/www.ifun.de\/naechste-generation-duenner-huellen-fuer-das-ipad-air-im-ausverkauf-67665\/","title":{"rendered":"N\u00e4chste Generation d\u00fcnner? H\u00fcllen f\u00fcr das iPad Air im &#8222;Ausverkauf&#8220;"},"content":{"rendered":"<p>Morgen gibt\u2019s neue iPads, das steht eigentlich au\u00dfer Frage. Bislang nur spekulativ, aber auch recht wahrscheinlich ist die Tatsache, dass Apple zumindest am Geh\u00e4use der zweiten Generation des iPad Air gefeilt hat und das Ger\u00e4t erneut ein wenig schlanker macht. Vorab gefertigte H\u00fcllen haben wir bereits <a href=\"http:\/\/www.ifun.de\/neue-ipads-und-os-x-yosemite-wohl-in-der-zweiten-oktoberhaelfte-66390\/\">im September gesehen<\/a> und wenn es so kommt bedeutet dies wohl auch, dass die momentan auf dem Markt befindlichen H\u00fcllen mit dem neuen iPad Air nicht mehr verwendbar sind.<\/p>\n<p><a href=\"http:\/\/images.ifun.de\/wp-content\/uploads\/2014\/10\/ipad-cases-500.jpg\"><img loading=\"lazy\" decoding=\"async\" src=\"http:\/\/images.ifun.de\/wp-content\/uploads\/2014\/10\/ipad-cases-500.jpg\" alt=\"ipad-cases-500\" width=\"500\" height=\"225\" class=\"aligncenter size-full wp-image-67668\" srcset=\"https:\/\/images.ifun.de\/wp-content\/uploads\/2014\/10\/ipad-cases-500.jpg 500w, https:\/\/images.ifun.de\/wp-content\/uploads\/2014\/10\/ipad-cases-500-300x135.jpg 300w\" sizes=\"auto, (max-width: 500px) 100vw, 500px\" \/><\/a><\/p>\n<p>Somit scheint es nicht unbedingt Zufall zu sein, dass Anker im Rahmen einer kurzfristigen Sonderaktion aktuell gleich f\u00fcnf verschiedene iPad-Air-Covers mit Standfunktion zum Kampfpreis rausballert. Auf die mit 9,99 Euro ohnehin schon extrem g\u00fcnstigen Cases gibt es mit dem Gutscheincode ANKER7PA bei Amazon 3 Euro Rabatt, somit f\u00e4llt der Preis auf letztendlich 6,99 Euro pro iPad-H\u00fclle.<\/p>\n<ul>\n<li><a rel=\"noindex, nofollow\" href=\"http:\/\/www.ifun.de\/amzn\/B00FF2GF48\">Smart Case f\u00fcr iPad Air + Schutzfolie klar <\/a><\/li>\n<li><a rel=\"noindex, nofollow\" href=\"http:\/\/www.ifun.de\/amzn\/B00EURB8KK\">iPad Air H\u00fclle Tuxedo (schwarz)<\/a><\/li>\n<li><a rel=\"noindex, nofollow\" href=\"http:\/\/www.ifun.de\/amzn\/B00GRQKH36\">ColoProtect Slim H\u00fclle f\u00fcr iPad Air (schwarz)<\/a><\/li>\n<li><a rel=\"noindex, nofollow\" href=\"http:\/\/www.ifun.de\/amzn\/B00GQS290Y\">ColoProtect Slim H\u00fclle f\u00fcr iPad Air (orange)<\/a> <\/li>\n<li><a rel=\"noindex, nofollow\" href=\"http:\/\/www.ifun.de\/amzn\/B00GQSL1AS\">ColoProtect Slim H\u00fclle f\u00fcr iPad Air (blau)<\/a><\/li>\n<\/ul>\n<p>Die drei letztgenannten ColoPortect-H\u00fcllen haben wir vor einiger Zeit bereits <a href=\"http:\/\/www.ifun.de\/huellen-und-schutzfolien-fuer-ipad-air-ipad-mini-und-iphone-5s-zum-sonderpreis-53977\/\">ausf\u00fchrlicher vorgestellt<\/a>. Die Version in Orange k\u00f6nnt ihr zu Beginn des unten eingebetteten Videos im Detail sehen.<\/p>\n<p>Achtet bez\u00fcglich der Sonderaktion auf die im Rahmen der Artikelbeschreibung angegebenen Informationen. Der Rabatt wird nach Eingabe des Codes direkt an der Kasse abgezogen, bitte pr\u00fcft die Summe vor dem Bezahlen.<\/p>\n<h2>5-Port USB-Ladeger\u00e4t zum Tiefstpreis<\/h2>\n<p>Auch das bereits mehrfach von uns empfohlene <a rel=\"noindex, nofollow\" href=\"http:\/\/www.ifun.de\/amzn\/B00GTGS2I6\">Anker USB-Ladeger\u00e4t<\/a> mit f\u00fcnf Anschl\u00fcssen l\u00e4sst sich aktuell zum bisherigen Tiefstpreis bestellen. Sowohl die wei\u00dfe als auch die schwarze Version des f\u00fcr das schnelle Laden von iPhone und iPad geeigneten Ladeadapters sind im Moment f\u00fcr 19,99 Euro erh\u00e4ltlich.<\/p>\n<p><a href=\"http:\/\/images.ifun.de\/wp-content\/uploads\/2014\/10\/ladegeraet.jpg\"><img loading=\"lazy\" decoding=\"async\" src=\"http:\/\/images.ifun.de\/wp-content\/uploads\/2014\/10\/ladegeraet.jpg\" alt=\"ladegeraet\" width=\"700\" height=\"402\" class=\"aligncenter size-full wp-image-67669\" srcset=\"https:\/\/images.ifun.de\/wp-content\/uploads\/2014\/10\/ladegeraet.jpg 700w, https:\/\/images.ifun.de\/wp-content\/uploads\/2014\/10\/ladegeraet-300x172.jpg 300w\" sizes=\"auto, (max-width: 700px) 100vw, 700px\" \/><\/a><\/p>\n<h2>ColoProtect-H\u00fcllen im Video<\/h2>\n<p><div class=\"responsive-video\"><iframe loading=\"lazy\" width=\"700\" height=\"394\" src=\"\/\/www.youtube-nocookie.com\/embed\/IfRn29hwjNo?rel=0\" frameborder=\"0\" allowfullscreen><\/iframe><\/div><\/p>\n","protected":false},"excerpt":{"rendered":"<a href=\"https:\/\/www.ifun.de\/naechste-generation-duenner-huellen-fuer-das-ipad-air-im-ausverkauf-67665\/\"><img width=\"150\" height=\"150\" src=\"https:\/\/images.ifun.de\/wp-content\/uploads\/2014\/10\/ipad-case-header-150x150.jpg\" class=\"alignright tfe wp-post-image\" alt=\"\" decoding=\"async\" loading=\"lazy\" \/><\/a><p>Morgen gibt\u2019s neue iPads, das steht eigentlich au\u00dfer Frage. Bislang nur spekulativ, aber auch recht wahrscheinlich ist die Tatsache, dass Apple zumindest am Geh\u00e4use der zweiten Generation des iPad Air gefeilt hat und das Ger\u00e4t erneut ein wenig schlanker macht. Vorab gefertigte H\u00fcllen haben wir bereits im September gesehen und wenn es so kommt bedeutet [&hellip;]<\/p>\n","protected":false},"author":2,"featured_media":67667,"comment_status":"open","ping_status":"closed","sticky":false,"template":"","format":"standard","meta":{"_acf_changed":false,"footnotes":""},"categories":[22],"tags":[281,280,2067,6325],"class_list":["post-67665","post","type-post","status-publish","format-standard","has-post-thumbnail","hentry","category-zubehor","tag-cases","tag-hullen","tag-ipad-air","tag-zubehor"],"acf":[],"aioseo_notices":[],"featured_image":["http:\/\/images.ifun.de\/wp-content\/uploads\/2014\/10\/ipad-case-header.jpg"],"rest_api_enabler":{"featured_image":"http:\/\/images.ifun.de\/wp-content\/uploads\/2014\/10\/ipad-case-header.jpg"},"_links":{"self":[{"href":"https:\/\/www.ifun.de\/apiv2\/wp\/v2\/posts\/67665","targetHints":{"allow":["GET"]}}],"collection":[{"href":"https:\/\/www.ifun.de\/apiv2\/wp\/v2\/posts"}],"about":[{"href":"https:\/\/www.ifun.de\/apiv2\/wp\/v2\/types\/post"}],"author":[{"embeddable":true,"href":"https:\/\/www.ifun.de\/apiv2\/wp\/v2\/users\/2"}],"replies":[{"embeddable":true,"href":"https:\/\/www.ifun.de\/apiv2\/wp\/v2\/comments?post=67665"}],"version-history":[{"count":5,"href":"https:\/\/www.ifun.de\/apiv2\/wp\/v2\/posts\/67665\/revisions"}],"predecessor-version":[{"id":67673,"href":"https:\/\/www.ifun.de\/apiv2\/wp\/v2\/posts\/67665\/revisions\/67673"}],"wp:featuredmedia":[{"embeddable":true,"href":"https:\/\/www.ifun.de\/apiv2\/wp\/v2\/media\/67667"}],"wp:attachment":[{"href":"https:\/\/www.ifun.de\/apiv2\/wp\/v2\/media?parent=67665"}],"wp:term":[{"taxonomy":"category","embeddable":true,"href":"https:\/\/www.ifun.de\/apiv2\/wp\/v2\/categories?post=67665"},{"taxonomy":"post_tag","embeddable":true,"href":"https:\/\/www.ifun.de\/apiv2\/wp\/v2\/tags?post=67665"}],"curies":[{"name":"wp","href":"https:\/\/api.w.org\/{rel}","templated":true}]}}