{"id":67220,"date":"2014-10-07T07:35:47","date_gmt":"2014-10-07T05:35:47","guid":{"rendered":"http:\/\/www.ifun.de\/?p=67220"},"modified":"2014-10-07T08:15:51","modified_gmt":"2014-10-07T06:15:51","slug":"nutzer-halten-sich-zurueck-ios-8-verbreitung-stagniert","status":"publish","type":"post","link":"https:\/\/www.ifun.de\/nutzer-halten-sich-zurueck-ios-8-verbreitung-stagniert-67220\/","title":{"rendered":"Nutzer halten sich zur\u00fcck: iOS-8-Verbreitung stagniert"},"content":{"rendered":"<p>Die vergleichsweise langsame Ausbreitung von iOS 8 hatten wir gestern schon kurz <a href=\"http:\/\/www.iphone-ticker.de\/ios-8-langsame-updates-verschluckte-sprach-nachrichten-72261\/\" title=\"iOS 8 Probleme\">zum Thema<\/a>, Apple best\u00e4tigt dies nun mit offiziellen Zahlen. Der Hersteller gibt in regelm\u00e4\u00dfigen Informationen zur iOS-Verteilung auf den im App Store registrierten Ger\u00e4ten bekannt. In den zwei Wochen seit der letzten Ver\u00f6ffentlichung hat iOS 8 dabei lediglich um 1 Prozent zugelegt.<\/p>\n<p><a href=\"http:\/\/images.ifun.de\/wp-content\/uploads\/2014\/10\/ios-8-adaption.jpg\"><img loading=\"lazy\" decoding=\"async\" src=\"http:\/\/images.ifun.de\/wp-content\/uploads\/2014\/10\/ios-8-adaption.jpg\" alt=\"ios-8-adaption\" width=\"500\" height=\"254\" class=\"aligncenter size-full wp-image-67222\" srcset=\"https:\/\/images.ifun.de\/wp-content\/uploads\/2014\/10\/ios-8-adaption.jpg 500w, https:\/\/images.ifun.de\/wp-content\/uploads\/2014\/10\/ios-8-adaption-300x152.jpg 300w\" sizes=\"auto, (max-width: 500px) 100vw, 500px\" \/><\/a><\/p>\n<p>Eigentlich sollte man ja meinen, dass alleine die in diesem Zeitraum verkauften neuen iPhones und sonstigen iOS-Ger\u00e4te das von Apple erfasste Prozent alleine stemmen. Somit scheint ein gro\u00dfer Teil der Bestandskunden die Aktualisierung konsequent zu verweigern. \u00dcber die Ursachen f\u00fcr diese bislang bei keinem zuvor ver\u00f6ffentlichten gro\u00dfen iOS-Update festgestellte Stagnation l\u00e4sst sich nur spekulieren.<\/p>\n<p><h5>iOS 8 weiterhin voller Fehler<\/h5>\n<p>Fakt ist sicherlich, dass die vielen Fehlerberichte seit der Freigabe von iOS 8 etliche Nutzer davon abhalten, die Aktualisierung durchzuf\u00fchren. Die Liste ist auch nach Behebung der initialen Gro\u00dfpannen endlos und die Anwender klagen besonders \u00fcber Verbindungsprobleme per <a href=\"http:\/\/www.iphone-ticker.de\/ios-8-0-2-bluetooth-freisprecheinrichtungen-machen-weiter-probleme-71985\/\" title=\"iOS 8 Bluetooth-Probleme\">Bluetooth<\/a> oder <a href=\"http:\/\/www.ifun.de\/habt-ihr-unter-ios-8-0-2-wlan-probleme-66948\/\" title=\"iOS 8 WLAN-Probleme\">WLAN<\/a>, dazu kommen unz\u00e4hlige Kleinigkeiten sowie sicherlich auch die durch die Ank\u00fcndigung von ungaren Funktionen wie iCloud Drive oder die iCloud-Fotobibliothek geschaffene Verwirrung.<\/p>\n<p>Als weiterer Punkt d\u00fcrfte der hohe Speicherbedarf beim Over-the-Air-Update etliche Nutzer vom Upgrade abhalten. Insbesondere Besitzer von iOS-Ger\u00e4ten mit kleinerer Speicherausstattung werden den Aktualisierungsversuch nach dem Hinweis, dass f\u00fcr die Installation von iOS 8 mehr als 5 GB Speicher vonn\u00f6ten, aber auf ihrem Ger\u00e4t nicht vorhanden sind, abbrechen und auf unbestimmte Zeit verschieben. Apple verzichtet hier unverst\u00e4ndlicherweise auf die hilfreiche Information, dass die Aktualisierung sich beim Anschluss an iTunes problemlos auch mit weniger Speicherplatz durchf\u00fchren lie\u00dfe. <\/p>\n<p>Es scheint somit, als sei der Albtraum iOS 8 f\u00fcr Apple l\u00e4ngst nicht vorbei und es bedarf noch einiger Produktpflege, um das Gros der Kunden zu dem Sprung auf die neue Systemversion zu bewegen. Ein Zur\u00fcck gibt es dann n\u00e4mlich nicht mehr, seit iOS 8.0.2 ist ein Downgrade auf die vorige Version iOS 7 nicht mehr m\u00f6glich.<img loading=\"lazy\" decoding=\"async\" src=\"http:\/\/vg05.met.vgwort.de\/na\/a9f3df0728a44c0f99d191530ba2d9e6\" width=\"1\" height=\"1\" class=\"tracking\"><\/p>\n","protected":false},"excerpt":{"rendered":"<a href=\"https:\/\/www.ifun.de\/nutzer-halten-sich-zurueck-ios-8-verbreitung-stagniert-67220\/\"><img width=\"150\" height=\"150\" src=\"https:\/\/images.ifun.de\/wp-content\/uploads\/2014\/10\/icon1.jpg\" class=\"alignright tfe wp-post-image\" alt=\"\" decoding=\"async\" loading=\"lazy\" \/><\/a><p>Die vergleichsweise langsame Ausbreitung von iOS 8 hatten wir gestern schon kurz zum Thema, Apple best\u00e4tigt dies nun mit offiziellen Zahlen. Der Hersteller gibt in regelm\u00e4\u00dfigen Informationen zur iOS-Verteilung auf den im App Store registrierten Ger\u00e4ten bekannt. In den zwei Wochen seit der letzten Ver\u00f6ffentlichung hat iOS 8 dabei lediglich um 1 Prozent zugelegt. Eigentlich [&hellip;]<\/p>\n","protected":false},"author":2,"featured_media":67223,"comment_status":"open","ping_status":"closed","sticky":false,"template":"","format":"standard","meta":{"_acf_changed":false,"footnotes":""},"categories":[3,1783],"tags":[4736,2331,391],"class_list":["post-67220","post","type-post","status-publish","format-standard","has-post-thumbnail","hentry","category-apple","category-feature","tag-apple","tag-ios-8","tag-probleme"],"acf":[],"aioseo_notices":[],"featured_image":["http:\/\/images.ifun.de\/wp-content\/uploads\/2014\/10\/ios-8-header.jpg"],"rest_api_enabler":{"featured_image":"http:\/\/images.ifun.de\/wp-content\/uploads\/2014\/10\/ios-8-header.jpg"},"_links":{"self":[{"href":"https:\/\/www.ifun.de\/apiv2\/wp\/v2\/posts\/67220","targetHints":{"allow":["GET"]}}],"collection":[{"href":"https:\/\/www.ifun.de\/apiv2\/wp\/v2\/posts"}],"about":[{"href":"https:\/\/www.ifun.de\/apiv2\/wp\/v2\/types\/post"}],"author":[{"embeddable":true,"href":"https:\/\/www.ifun.de\/apiv2\/wp\/v2\/users\/2"}],"replies":[{"embeddable":true,"href":"https:\/\/www.ifun.de\/apiv2\/wp\/v2\/comments?post=67220"}],"version-history":[{"count":7,"href":"https:\/\/www.ifun.de\/apiv2\/wp\/v2\/posts\/67220\/revisions"}],"predecessor-version":[{"id":67230,"href":"https:\/\/www.ifun.de\/apiv2\/wp\/v2\/posts\/67220\/revisions\/67230"}],"wp:featuredmedia":[{"embeddable":true,"href":"https:\/\/www.ifun.de\/apiv2\/wp\/v2\/media\/67223"}],"wp:attachment":[{"href":"https:\/\/www.ifun.de\/apiv2\/wp\/v2\/media?parent=67220"}],"wp:term":[{"taxonomy":"category","embeddable":true,"href":"https:\/\/www.ifun.de\/apiv2\/wp\/v2\/categories?post=67220"},{"taxonomy":"post_tag","embeddable":true,"href":"https:\/\/www.ifun.de\/apiv2\/wp\/v2\/tags?post=67220"}],"curies":[{"name":"wp","href":"https:\/\/api.w.org\/{rel}","templated":true}]}}