{"id":67049,"date":"2014-10-01T15:41:58","date_gmt":"2014-10-01T13:41:58","guid":{"rendered":"http:\/\/www.ifun.de\/?p=67049"},"modified":"2014-10-01T15:43:08","modified_gmt":"2014-10-01T13:43:08","slug":"apple-watch-paris-praesentation-und-korrigierte-bildschirmgroesse","status":"publish","type":"post","link":"https:\/\/www.ifun.de\/apple-watch-paris-praesentation-und-korrigierte-bildschirmgroesse-67049\/","title":{"rendered":"Apple Watch: Paris-Pr\u00e4sentation und korrigierte Bildschirmgr\u00f6\u00dfe"},"content":{"rendered":"<p>Ein kleiner Nachschlag noch zum gestrigen <a href=\"http:\/\/www.ifun.de\/apple-watch-wird-im-rahmen-der-paris-fashion-week-oeffentlich-praesentiert-66939\/\">Apple-Watch-Event<\/a> im Rahmen der Pariser Fashion Week.<\/p>\n<p><a href=\"http:\/\/images.ifun.de\/wp-content\/uploads\/2014\/10\/colette-500.jpg\"><img loading=\"lazy\" decoding=\"async\" src=\"http:\/\/images.ifun.de\/wp-content\/uploads\/2014\/10\/colette-500.jpg\" alt=\"colette-500\" width=\"500\" height=\"263\" class=\"aligncenter size-full wp-image-67051\" srcset=\"https:\/\/images.ifun.de\/wp-content\/uploads\/2014\/10\/colette-500.jpg 500w, https:\/\/images.ifun.de\/wp-content\/uploads\/2014\/10\/colette-500-300x157.jpg 300w\" sizes=\"auto, (max-width: 500px) 100vw, 500px\" \/><\/a><\/p>\n<p>Ungewohnt f\u00fcr Apple wurde die fr\u00fchestens Anfang n\u00e4chsten Jahres verf\u00fcgbare Uhr dort bereits der interessierten \u00d6ffentlichkeit pr\u00e4sentiert. Auf ein echtes Hands-on mussten die Besucher zwar verzichten, doch konnten sie die Apple Watch in einer Vielzahl von Variationen in Glasvitrinen ausgestellt aus n\u00e4chster N\u00e4he betrachten und fotografieren.<\/p>\n<p>Patrick Crowley hat sich daf\u00fcr rund eine Stunde lang in die Schlange gestellt, und seinen Besuch in der Colette Boutique <a href=\"https:\/\/www.storehouse.co\/stories\/t56l6-apple-watch-sneak-peek\">auf Storehouse.com<\/a> mit zahlreichen Fotos dokumentiert.<\/p>\n<p><a href=\"http:\/\/images.ifun.de\/wp-content\/uploads\/2014\/10\/colette-700.jpg\"><img loading=\"lazy\" decoding=\"async\" src=\"http:\/\/images.ifun.de\/wp-content\/uploads\/2014\/10\/colette-700.jpg\" alt=\"colette-700\" width=\"700\" height=\"525\" class=\"aligncenter size-full wp-image-67050\" srcset=\"https:\/\/images.ifun.de\/wp-content\/uploads\/2014\/10\/colette-700.jpg 700w, https:\/\/images.ifun.de\/wp-content\/uploads\/2014\/10\/colette-700-300x225.jpg 300w\" sizes=\"auto, (max-width: 700px) 100vw, 700px\" \/><\/a><\/p>\n<h2>Apple macht die \u201eiWatch\u201c kleiner<\/h2>\n<p>Stoff f\u00fcr Verschw\u00f6rungstheoretiker: <a href=\"https:\/\/twitter.com\/KhaosT\/status\/517073790342160384\/photo\/1\">Khaos Tian<\/a> hat sich das Einf\u00fchrungsvideo zur Apple Watch ganz genau angesehen und festgestellt, dass die urspr\u00fcngliche Version offenbar durch ein neues Video ersetzt wurde, in dem der Bildschirm der Uhr etwas kleiner ist. Aber selbstverst\u00e4ndlich wurde hier nicht still und heimlich der ohnehin schon kleine Bildschirm der echten Uhr geschrumpft, eher d\u00fcrfte es sich dabei um grafische Anpassungen handelt. Vermutlich hat hier einfach ein Designer beim Animieren des Videos unter Zeitdruck geschlampt, und dies wurde nun korrigiert. (via <a href=\"http:\/\/www.engadget.com\/2014\/10\/01\/apple-watch-has-a-smaller-screen-in-tweaked-video\/\">Engadget<\/a>)<\/p>\n<p><a href=\"http:\/\/images.ifun.de\/wp-content\/uploads\/2014\/10\/apple-watch-video-700.jpg\"><img loading=\"lazy\" decoding=\"async\" src=\"http:\/\/images.ifun.de\/wp-content\/uploads\/2014\/10\/apple-watch-video-700.jpg\" alt=\"apple-watch-video-700\" width=\"700\" height=\"428\" class=\"aligncenter size-full wp-image-67053\" srcset=\"https:\/\/images.ifun.de\/wp-content\/uploads\/2014\/10\/apple-watch-video-700.jpg 700w, https:\/\/images.ifun.de\/wp-content\/uploads\/2014\/10\/apple-watch-video-700-300x183.jpg 300w\" sizes=\"auto, (max-width: 700px) 100vw, 700px\" \/><\/a><\/p>\n<p><div class=\"responsive-video\"><iframe loading=\"lazy\" width=\"700\" height=\"394\" src=\"\/\/www.youtube-nocookie.com\/embed\/y-waTi8BPdk?rel=0\" frameborder=\"0\" allowfullscreen><\/iframe><\/div><\/p>\n","protected":false},"excerpt":{"rendered":"<a href=\"https:\/\/www.ifun.de\/apple-watch-paris-praesentation-und-korrigierte-bildschirmgroesse-67049\/\"><img width=\"150\" height=\"150\" src=\"https:\/\/images.ifun.de\/wp-content\/uploads\/2014\/10\/colette-700-150x150.jpg\" class=\"alignright tfe wp-post-image\" alt=\"\" decoding=\"async\" loading=\"lazy\" \/><\/a><p>Ein kleiner Nachschlag noch zum gestrigen Apple-Watch-Event im Rahmen der Pariser Fashion Week. Ungewohnt f\u00fcr Apple wurde die fr\u00fchestens Anfang n\u00e4chsten Jahres verf\u00fcgbare Uhr dort bereits der interessierten \u00d6ffentlichkeit pr\u00e4sentiert. Auf ein echtes Hands-on mussten die Besucher zwar verzichten, doch konnten sie die Apple Watch in einer Vielzahl von Variationen in Glasvitrinen ausgestellt aus n\u00e4chster [&hellip;]<\/p>\n","protected":false},"author":2,"featured_media":67050,"comment_status":"open","ping_status":"closed","sticky":false,"template":"","format":"standard","meta":{"_acf_changed":false,"footnotes":""},"categories":[1],"tags":[2505,1629,31],"class_list":["post-67049","post","type-post","status-publish","format-standard","has-post-thumbnail","hentry","category-news","tag-apple-watch","tag-paris","tag-video"],"acf":[],"aioseo_notices":[],"featured_image":["http:\/\/images.ifun.de\/wp-content\/uploads\/2014\/10\/colette-header.jpg"],"rest_api_enabler":{"featured_image":"http:\/\/images.ifun.de\/wp-content\/uploads\/2014\/10\/colette-header.jpg"},"_links":{"self":[{"href":"https:\/\/www.ifun.de\/apiv2\/wp\/v2\/posts\/67049","targetHints":{"allow":["GET"]}}],"collection":[{"href":"https:\/\/www.ifun.de\/apiv2\/wp\/v2\/posts"}],"about":[{"href":"https:\/\/www.ifun.de\/apiv2\/wp\/v2\/types\/post"}],"author":[{"embeddable":true,"href":"https:\/\/www.ifun.de\/apiv2\/wp\/v2\/users\/2"}],"replies":[{"embeddable":true,"href":"https:\/\/www.ifun.de\/apiv2\/wp\/v2\/comments?post=67049"}],"version-history":[{"count":4,"href":"https:\/\/www.ifun.de\/apiv2\/wp\/v2\/posts\/67049\/revisions"}],"predecessor-version":[{"id":67057,"href":"https:\/\/www.ifun.de\/apiv2\/wp\/v2\/posts\/67049\/revisions\/67057"}],"wp:featuredmedia":[{"embeddable":true,"href":"https:\/\/www.ifun.de\/apiv2\/wp\/v2\/media\/67050"}],"wp:attachment":[{"href":"https:\/\/www.ifun.de\/apiv2\/wp\/v2\/media?parent=67049"}],"wp:term":[{"taxonomy":"category","embeddable":true,"href":"https:\/\/www.ifun.de\/apiv2\/wp\/v2\/categories?post=67049"},{"taxonomy":"post_tag","embeddable":true,"href":"https:\/\/www.ifun.de\/apiv2\/wp\/v2\/tags?post=67049"}],"curies":[{"name":"wp","href":"https:\/\/api.w.org\/{rel}","templated":true}]}}