{"id":66939,"date":"2014-09-30T08:06:50","date_gmt":"2014-09-30T06:06:50","guid":{"rendered":"http:\/\/www.ifun.de\/?p=66939"},"modified":"2014-10-01T11:36:17","modified_gmt":"2014-10-01T09:36:17","slug":"apple-watch-wird-im-rahmen-der-paris-fashion-week-oeffentlich-praesentiert","status":"publish","type":"post","link":"https:\/\/www.ifun.de\/apple-watch-wird-im-rahmen-der-paris-fashion-week-oeffentlich-praesentiert-66939\/","title":{"rendered":"Apple Watch auf Paris Fashion Week \u00f6ffentlich pr\u00e4sentiert"},"content":{"rendered":"<p>Die Apple Watch wird im Rahmen der Paris Fashion Week 2014 erstmals auch \u00f6ffentlich gezeigt. Das Modegesch\u00e4ft Colette zeigt die Smartwatch in den Schaufenstern seiner Filiale in der Pariser Rue Saint-Honor\u00e9.<\/p>\n<p><a href=\"http:\/\/images.ifun.de\/wp-content\/uploads\/2014\/09\/apple-watch-paris-500.jpg\"><img loading=\"lazy\" decoding=\"async\" src=\"http:\/\/images.ifun.de\/wp-content\/uploads\/2014\/09\/apple-watch-paris-500.jpg\" alt=\"apple-watch-paris-500\" width=\"500\" height=\"383\" class=\"aligncenter size-full wp-image-66941\" srcset=\"https:\/\/images.ifun.de\/wp-content\/uploads\/2014\/09\/apple-watch-paris-500.jpg 500w, https:\/\/images.ifun.de\/wp-content\/uploads\/2014\/09\/apple-watch-paris-500-300x229.jpg 300w\" sizes=\"auto, (max-width: 500px) 100vw, 500px\" \/><\/a><\/p>\n<h6>Apple Watch im Colette-Schaufenster (Bild: <a href=\"http:\/\/instagram.com\/p\/tjK7vDFxsR\/\">Instagram<\/a>)<\/h6>\n<p>Bereits gestern machte Colette durch die schwammige Ank\u00fcndigung \u201eColette and Apple invite you to a one day only experience\u201c von sich reden (wir erw\u00e4hnten das auf <a href=\"https:\/\/www.facebook.com\/iFUN.de\/posts\/10152700794508449\">Facebook<\/a>), heute nun wird die Pr\u00e4sentation der Apple-Watch auf der <a href=\"http:\/\/www.colette.fr\/#\">Colette-Webseite<\/a> offiziell angek\u00fcndigt und auf Instagram und Twitter finden sich erste Fotos der Pr\u00e4sentation. Das Event beschr\u00e4nkt sich offenbar jedoch ausschlie\u00dflich auf die Pr\u00e4sentation der Uhr in speziell dekorierten Schaufenstern des Gesch\u00e4fts: \u201eSee the Colette Apple Watch Windows\u201c. (via <a href=\"http:\/\/www.macrumors.com\">Mac Rumors<\/a>)<\/p>\n<p><a href=\"http:\/\/images.ifun.de\/wp-content\/uploads\/2014\/09\/colette-front-paris.jpg\"><img loading=\"lazy\" decoding=\"async\" src=\"http:\/\/images.ifun.de\/wp-content\/uploads\/2014\/09\/colette-front-paris.jpg\" alt=\"colette-front-paris\" width=\"700\" height=\"571\" class=\"aligncenter size-full wp-image-66944\" srcset=\"https:\/\/images.ifun.de\/wp-content\/uploads\/2014\/09\/colette-front-paris.jpg 700w, https:\/\/images.ifun.de\/wp-content\/uploads\/2014\/09\/colette-front-paris-300x244.jpg 300w\" sizes=\"auto, (max-width: 700px) 100vw, 700px\" \/><\/a><\/p>\n<h6>Colette Boutique mit Apple-Watch-Schaufenstern (Bild: <a href=\"http:\/\/instagram.com\/run_label\">Instagram<\/a>)<\/h6>\n<p><a href=\"http:\/\/images.ifun.de\/wp-content\/uploads\/2014\/09\/apple-watch-paris-schaufenster.jpg\"><img loading=\"lazy\" decoding=\"async\" src=\"http:\/\/images.ifun.de\/wp-content\/uploads\/2014\/09\/apple-watch-paris-schaufenster.jpg\" alt=\"apple-watch-paris-schaufenster\" width=\"700\" height=\"499\" class=\"aligncenter size-full wp-image-66943\" srcset=\"https:\/\/images.ifun.de\/wp-content\/uploads\/2014\/09\/apple-watch-paris-schaufenster.jpg 700w, https:\/\/images.ifun.de\/wp-content\/uploads\/2014\/09\/apple-watch-paris-schaufenster-300x213.jpg 300w\" sizes=\"auto, (max-width: 700px) 100vw, 700px\" \/><\/a><\/p>\n<h6>Apple-Watch-Schaufenster bei Colette (Bild: <a href=\"https:\/\/twitter.com\/JeromeRoussin\/status\/516744169315127296\">Twitter<\/a>)<\/h6>\n","protected":false},"excerpt":{"rendered":"<a href=\"https:\/\/www.ifun.de\/apple-watch-wird-im-rahmen-der-paris-fashion-week-oeffentlich-praesentiert-66939\/\"><img width=\"150\" height=\"150\" src=\"https:\/\/images.ifun.de\/wp-content\/uploads\/2014\/09\/apple-watch-icon-paris.jpg\" class=\"alignright tfe wp-post-image\" alt=\"\" decoding=\"async\" loading=\"lazy\" \/><\/a><p>Die Apple Watch wird im Rahmen der Paris Fashion Week 2014 erstmals auch \u00f6ffentlich gezeigt. Das Modegesch\u00e4ft Colette zeigt die Smartwatch in den Schaufenstern seiner Filiale in der Pariser Rue Saint-Honor\u00e9. Apple Watch im Colette-Schaufenster (Bild: Instagram) Bereits gestern machte Colette durch die schwammige Ank\u00fcndigung \u201eColette and Apple invite you to a one day only [&hellip;]<\/p>\n","protected":false},"author":2,"featured_media":66940,"comment_status":"open","ping_status":"closed","sticky":false,"template":"","format":"standard","meta":{"_acf_changed":false,"footnotes":""},"categories":[3,1783],"tags":[2505,537,1629],"class_list":["post-66939","post","type-post","status-publish","format-standard","has-post-thumbnail","hentry","category-apple","category-feature","tag-apple-watch","tag-mode","tag-paris"],"acf":[],"aioseo_notices":[],"featured_image":["http:\/\/images.ifun.de\/wp-content\/uploads\/2014\/09\/apple-watch-paris-header.jpg"],"rest_api_enabler":{"featured_image":"http:\/\/images.ifun.de\/wp-content\/uploads\/2014\/09\/apple-watch-paris-header.jpg"},"_links":{"self":[{"href":"https:\/\/www.ifun.de\/apiv2\/wp\/v2\/posts\/66939","targetHints":{"allow":["GET"]}}],"collection":[{"href":"https:\/\/www.ifun.de\/apiv2\/wp\/v2\/posts"}],"about":[{"href":"https:\/\/www.ifun.de\/apiv2\/wp\/v2\/types\/post"}],"author":[{"embeddable":true,"href":"https:\/\/www.ifun.de\/apiv2\/wp\/v2\/users\/2"}],"replies":[{"embeddable":true,"href":"https:\/\/www.ifun.de\/apiv2\/wp\/v2\/comments?post=66939"}],"version-history":[{"count":4,"href":"https:\/\/www.ifun.de\/apiv2\/wp\/v2\/posts\/66939\/revisions"}],"predecessor-version":[{"id":67034,"href":"https:\/\/www.ifun.de\/apiv2\/wp\/v2\/posts\/66939\/revisions\/67034"}],"wp:featuredmedia":[{"embeddable":true,"href":"https:\/\/www.ifun.de\/apiv2\/wp\/v2\/media\/66940"}],"wp:attachment":[{"href":"https:\/\/www.ifun.de\/apiv2\/wp\/v2\/media?parent=66939"}],"wp:term":[{"taxonomy":"category","embeddable":true,"href":"https:\/\/www.ifun.de\/apiv2\/wp\/v2\/categories?post=66939"},{"taxonomy":"post_tag","embeddable":true,"href":"https:\/\/www.ifun.de\/apiv2\/wp\/v2\/tags?post=66939"}],"curies":[{"name":"wp","href":"https:\/\/api.w.org\/{rel}","templated":true}]}}