{"id":66610,"date":"2014-09-23T11:49:32","date_gmt":"2014-09-23T09:49:32","guid":{"rendered":"http:\/\/www.ifun.de\/?p=66610"},"modified":"2014-09-23T11:51:31","modified_gmt":"2014-09-23T09:51:31","slug":"evernote-fuer-mac-besserer-editor-und-schnellere-synchronisierung","status":"publish","type":"post","link":"https:\/\/www.ifun.de\/evernote-fuer-mac-besserer-editor-und-schnellere-synchronisierung-66610\/","title":{"rendered":"Evernote f\u00fcr Mac: Besserer Editor und schnellere Synchronisierung"},"content":{"rendered":"<p><a href=\"https:\/\/evernote.com\">Evernote<\/a> f\u00fcr Mac bringt mit der neu ver\u00f6ffentlichten Version 5.6.0 nicht nur unz\u00e4hlige Fehlerbehebungen, sondern will zudem die Synchronisierung deutlich beschleunigen und das Bearbeiten von Notizen vereinfachen.<\/p>\n<p>Bevor ihr nun allerdings vergeblich im <a href=\"https:\/\/itunes.apple.com\/de\/app\/evernote\/id406056744?mt=12\">Mac App Store<\/a> sucht, ein wichtiger Hinweis vorweg. Momentan l\u00e4sst sich Evernote f\u00fcr Mac 5.6.0 nur direkt von der Evernote-Webseite laden (<a href=\"https:\/\/evernote.com\/download\/get.php?file=EvernoteMac\" title=\"Get the latest Evernote for Mac\">Direktlink<\/a>). Bis die <a href=\"https:\/\/itunes.apple.com\/de\/app\/evernote\/id406056744?mt=12&amp;uo=4&amp;at=10ltcU\">Mac-App-Store-Version<\/a> aktualisiert wird, kann es noch ein paar Tage dauern.<\/p>\n<p><a href=\"http:\/\/images.ifun.de\/wp-content\/uploads\/2014\/09\/evernote-editor.jpg\"><img loading=\"lazy\" decoding=\"async\" src=\"http:\/\/images.ifun.de\/wp-content\/uploads\/2014\/09\/evernote-editor.jpg\" alt=\"evernote-editor\" width=\"500\" height=\"501\" class=\"aligncenter size-full wp-image-66612\" srcset=\"https:\/\/images.ifun.de\/wp-content\/uploads\/2014\/09\/evernote-editor.jpg 500w, https:\/\/images.ifun.de\/wp-content\/uploads\/2014\/09\/evernote-editor-150x150.jpg 150w, https:\/\/images.ifun.de\/wp-content\/uploads\/2014\/09\/evernote-editor-300x300.jpg 300w\" sizes=\"auto, (max-width: 500px) 100vw, 500px\" \/><\/a><\/p>\n<p>Zu den Verbesserungen beim Erstellen und Bearbeiten von Notizen geh\u00f6rt die M\u00f6glichkeit, die Darstellung Bildern und Grafiken bequem durch Anpacken an einer Ecke zu verkleinern, ohne dass dabei deren Originalgr\u00f6\u00dfe ver\u00e4ndert wird. Dies tr\u00e4gt sicherlich zu einer verbesserten \u00dcbersicht in Dokumenten teil. Wer in Evernote mit Tabellen arbeitet, bekommt mit dem neuen Tabellen-Editor erweiterte Optionen beim Bearbeiten derselben. Hier lassen sich nun beispielsweise Farbe und Gr\u00f6\u00dfe von Zellen ver\u00e4ndern oder einzelne Reihen oder Spalten l\u00f6schen.<\/p>\n<p><a href=\"http:\/\/images.ifun.de\/wp-content\/uploads\/2014\/09\/evetnote-tabelle.jpg\"><img loading=\"lazy\" decoding=\"async\" src=\"http:\/\/images.ifun.de\/wp-content\/uploads\/2014\/09\/evetnote-tabelle.jpg\" alt=\"evetnote-tabelle\" width=\"600\" height=\"257\" class=\"aligncenter size-full wp-image-66616\" srcset=\"https:\/\/images.ifun.de\/wp-content\/uploads\/2014\/09\/evetnote-tabelle.jpg 600w, https:\/\/images.ifun.de\/wp-content\/uploads\/2014\/09\/evetnote-tabelle-300x128.jpg 300w\" sizes=\"auto, (max-width: 600px) 100vw, 600px\" \/><\/a><\/p>\n<p>Evernote verspricht Mac-Besitzern, die viele Notizen mit anderen Nutzern teilen oder Evernote Business benutzen zudem deutliche Verbesserungen mit Blick auf die Synchronisierung der Inhalte. Der Vorgang soll um ein Vielfaches beschleunigt worden sein.<\/p>\n<p>Evernote l\u00e4sst sich in der Basisversion kostenlos laden und nutzen. Zum Jahrespreis von 40 Euro wird eine Premiumversion angeboten, die das Onlinespeichern von mehr und gr\u00f6\u00dferen Dateien, eine erweiterte Suchfunktion und weitere Zusatzfeatures mit sich bringt.<\/p>\n","protected":false},"excerpt":{"rendered":"<a href=\"https:\/\/www.ifun.de\/evernote-fuer-mac-besserer-editor-und-schnellere-synchronisierung-66610\/\"><img width=\"150\" height=\"150\" src=\"https:\/\/images.ifun.de\/wp-content\/uploads\/2014\/09\/evetnote-tabelle-150x150.jpg\" class=\"alignright tfe wp-post-image\" alt=\"\" decoding=\"async\" loading=\"lazy\" \/><\/a><p>Evernote f\u00fcr Mac bringt mit der neu ver\u00f6ffentlichten Version 5.6.0 nicht nur unz\u00e4hlige Fehlerbehebungen, sondern will zudem die Synchronisierung deutlich beschleunigen und das Bearbeiten von Notizen vereinfachen. Bevor ihr nun allerdings vergeblich im Mac App Store sucht, ein wichtiger Hinweis vorweg. Momentan l\u00e4sst sich Evernote f\u00fcr Mac 5.6.0 nur direkt von der Evernote-Webseite laden (Direktlink). [&hellip;]<\/p>\n","protected":false},"author":2,"featured_media":66616,"comment_status":"open","ping_status":"closed","sticky":false,"template":"","format":"standard","meta":{"_acf_changed":false,"footnotes":""},"categories":[16],"tags":[1516,6321,52],"class_list":["post-66610","post","type-post","status-publish","format-standard","has-post-thumbnail","hentry","category-mac","tag-evernote","tag-mac","tag-software"],"acf":[],"aioseo_notices":[],"featured_image":["http:\/\/images.ifun.de\/wp-content\/uploads\/2014\/09\/evernote-mac.jpg"],"rest_api_enabler":{"featured_image":"http:\/\/images.ifun.de\/wp-content\/uploads\/2014\/09\/evernote-mac.jpg"},"_links":{"self":[{"href":"https:\/\/www.ifun.de\/apiv2\/wp\/v2\/posts\/66610","targetHints":{"allow":["GET"]}}],"collection":[{"href":"https:\/\/www.ifun.de\/apiv2\/wp\/v2\/posts"}],"about":[{"href":"https:\/\/www.ifun.de\/apiv2\/wp\/v2\/types\/post"}],"author":[{"embeddable":true,"href":"https:\/\/www.ifun.de\/apiv2\/wp\/v2\/users\/2"}],"replies":[{"embeddable":true,"href":"https:\/\/www.ifun.de\/apiv2\/wp\/v2\/comments?post=66610"}],"version-history":[{"count":6,"href":"https:\/\/www.ifun.de\/apiv2\/wp\/v2\/posts\/66610\/revisions"}],"predecessor-version":[{"id":66621,"href":"https:\/\/www.ifun.de\/apiv2\/wp\/v2\/posts\/66610\/revisions\/66621"}],"wp:featuredmedia":[{"embeddable":true,"href":"https:\/\/www.ifun.de\/apiv2\/wp\/v2\/media\/66616"}],"wp:attachment":[{"href":"https:\/\/www.ifun.de\/apiv2\/wp\/v2\/media?parent=66610"}],"wp:term":[{"taxonomy":"category","embeddable":true,"href":"https:\/\/www.ifun.de\/apiv2\/wp\/v2\/categories?post=66610"},{"taxonomy":"post_tag","embeddable":true,"href":"https:\/\/www.ifun.de\/apiv2\/wp\/v2\/tags?post=66610"}],"curies":[{"name":"wp","href":"https:\/\/api.w.org\/{rel}","templated":true}]}}