{"id":66305,"date":"2014-09-16T10:31:56","date_gmt":"2014-09-16T08:31:56","guid":{"rendered":"http:\/\/www.ifun.de\/?p=66305"},"modified":"2014-09-16T10:35:25","modified_gmt":"2014-09-16T08:35:25","slug":"eroeffnung-des-apple-store-hannover-wohl-erst-zum-monatsende","status":"publish","type":"post","link":"https:\/\/www.ifun.de\/eroeffnung-des-apple-store-hannover-wohl-erst-zum-monatsende-66305\/","title":{"rendered":"Er\u00f6ffnung des Apple Store Hannover wohl erst zum Monatsende"},"content":{"rendered":"<p>Mit der Er\u00f6ffnung des <a href=\"http:\/\/www.ifun.de\/apple-store-hannover-vorbereitungen-fuer-september-eroeffnung-66169\/\">Apple Store Hannover<\/a> zum iPhone-Verkaufsstart am Freitag wird es wohl nichts. Nicht nur, dass Apple mit der Ank\u00fcndigung nun schon etwas sp\u00e4t dran w\u00e4re, wir haben zudem auch interne Informationen diesbez\u00fcglich erhalten.<\/p>\n<p>Offenbar sollen die Innenr\u00e4ume der ewigen Baustelle in der Hannoverschen Bahnhofstra\u00dfe im Laufe der n\u00e4chsten Woche nun endg\u00fcltig f\u00fcr den Verkaufsstart klar gemacht und mit Ware bef\u00fcllt werden. Eine Er\u00f6ffnung w\u00e4re demnach dann am 26. oder 27. September oder alternativ am 4. Oktober m\u00f6glich. Wir halten euch auf dem Laufenden.<\/p>\n<p><a href=\"http:\/\/images.ifun.de\/wp-content\/uploads\/2014\/09\/hannover-apple.700.jpg\"><img loading=\"lazy\" decoding=\"async\" src=\"http:\/\/images.ifun.de\/wp-content\/uploads\/2014\/09\/hannover-apple.700.jpg\" alt=\"hannover-apple.700\" width=\"700\" height=\"465\" class=\"aligncenter size-full wp-image-66181\" \/><\/a><\/p>\n<h6>(Bild: Alexander K\u00f6rner\/Getty Images)<\/h6>\n","protected":false},"excerpt":{"rendered":"<a href=\"https:\/\/www.ifun.de\/eroeffnung-des-apple-store-hannover-wohl-erst-zum-monatsende-66305\/\"><img decoding=\"async\" width=\"150\" src=\"http:\/\/images.ifun.de\/wp-content\/uploads\/2014\/09\/hannover-apple.700.jpg\" class=\"alignright wp-post-image tfe\" alt=\"hannover-apple.700\" title=\"\" \/><\/a><p>Mit der Er\u00f6ffnung des Apple Store Hannover zum iPhone-Verkaufsstart am Freitag wird es wohl nichts. Nicht nur, dass Apple mit der Ank\u00fcndigung nun schon etwas sp\u00e4t dran w\u00e4re, wir haben zudem auch interne Informationen diesbez\u00fcglich erhalten. Offenbar sollen die Innenr\u00e4ume der ewigen Baustelle in der Hannoverschen Bahnhofstra\u00dfe im Laufe der n\u00e4chsten Woche nun endg\u00fcltig f\u00fcr [&hellip;]<\/p>\n","protected":false},"author":2,"featured_media":0,"comment_status":"open","ping_status":"closed","sticky":false,"template":"","format":"standard","meta":{"_acf_changed":false,"footnotes":""},"categories":[3],"tags":[49,735],"class_list":["post-66305","post","type-post","status-publish","format-standard","hentry","category-apple","tag-apple-store","tag-hannover"],"acf":[],"aioseo_notices":[],"featured_image":["http:\/\/images.ifun.de\/wp-content\/uploads\/2014\/09\/apple-store-hannover-header.jpg"],"rest_api_enabler":{"featured_image":"http:\/\/images.ifun.de\/wp-content\/uploads\/2014\/09\/apple-store-hannover-header.jpg"},"_links":{"self":[{"href":"https:\/\/www.ifun.de\/apiv2\/wp\/v2\/posts\/66305","targetHints":{"allow":["GET"]}}],"collection":[{"href":"https:\/\/www.ifun.de\/apiv2\/wp\/v2\/posts"}],"about":[{"href":"https:\/\/www.ifun.de\/apiv2\/wp\/v2\/types\/post"}],"author":[{"embeddable":true,"href":"https:\/\/www.ifun.de\/apiv2\/wp\/v2\/users\/2"}],"replies":[{"embeddable":true,"href":"https:\/\/www.ifun.de\/apiv2\/wp\/v2\/comments?post=66305"}],"version-history":[{"count":2,"href":"https:\/\/www.ifun.de\/apiv2\/wp\/v2\/posts\/66305\/revisions"}],"predecessor-version":[{"id":66307,"href":"https:\/\/www.ifun.de\/apiv2\/wp\/v2\/posts\/66305\/revisions\/66307"}],"wp:attachment":[{"href":"https:\/\/www.ifun.de\/apiv2\/wp\/v2\/media?parent=66305"}],"wp:term":[{"taxonomy":"category","embeddable":true,"href":"https:\/\/www.ifun.de\/apiv2\/wp\/v2\/categories?post=66305"},{"taxonomy":"post_tag","embeddable":true,"href":"https:\/\/www.ifun.de\/apiv2\/wp\/v2\/tags?post=66305"}],"curies":[{"name":"wp","href":"https:\/\/api.w.org\/{rel}","templated":true}]}}