{"id":66084,"date":"2014-09-10T18:29:57","date_gmt":"2014-09-10T16:29:57","guid":{"rendered":"http:\/\/www.ifun.de\/?p=66084"},"modified":"2014-09-10T18:33:26","modified_gmt":"2014-09-10T16:33:26","slug":"apple-watch-akkulaufzeit-angeblich-nur-1-tag","status":"publish","type":"post","link":"https:\/\/www.ifun.de\/apple-watch-akkulaufzeit-angeblich-nur-1-tag-66084\/","title":{"rendered":"Apple Watch Akkulaufzeit angeblich nur 1 Tag"},"content":{"rendered":"<p>Falls ihr mit dem Gedanken an eine <a href=\"http:\/\/www.ifun.de\/apple-watch-das-muesst-ihr-ueber-die-iphone-armbanduhr-wissen-66041\/\">Apple Watch<\/a> spielt, k\u00f6nnt ihr schon mal ein Pl\u00e4tzchen auf dem Nachttisch frei r\u00e4umen. Das Ding will angeblich jede Nacht geladen werden.<\/p>\n<p><a href=\"http:\/\/images.ifun.de\/wp-content\/uploads\/2014\/09\/apple-watch-ladegeraet.jpg\"><img loading=\"lazy\" decoding=\"async\" src=\"http:\/\/images.ifun.de\/wp-content\/uploads\/2014\/09\/apple-watch-ladegeraet.jpg\" alt=\"apple-watch-ladegeraet\" width=\"500\" height=\"443\" class=\"aligncenter size-full wp-image-66085\" srcset=\"https:\/\/images.ifun.de\/wp-content\/uploads\/2014\/09\/apple-watch-ladegeraet.jpg 500w, https:\/\/images.ifun.de\/wp-content\/uploads\/2014\/09\/apple-watch-ladegeraet-300x265.jpg 300w\" sizes=\"auto, (max-width: 500px) 100vw, 500px\" \/><\/a><\/p>\n<p>Das Onlinemagazin <a href=\"http:\/\/recode.net\/2014\/09\/10\/codered-apple-watch-battery-life-charge-nightly\/\">Re\/code<\/a> hat diese Information aus inoffiziellen Quellen erhalten und inzwischen sogar um eine zumindest indirekte Best\u00e4tigung seitens Apple erg\u00e4nzt. Die Firmensprecherin Natalie Kerris lie\u00df wohl verlauten, dass Apple davon ausgeht, dass ein Nutzer die Uhr einmal t\u00e4glich ans Ladeger\u00e4t h\u00e4ngt. Die Apple Watch biete derart viele Funktionen, dass ihre Besitzer sie mit Freuden den ganzen Tag benutzen werden, sagte Kerris weiter und f\u00fcgte hinzu, dass man das Ladeger\u00e4t speziell so entwickelt habe, dass es sich problemlos und sicher benutzen l\u00e4sst.<\/p>\n<p><h5>Apple selbst auch nicht zufrieden<\/h5>\n<p>Ein wenig Hoffnung auf Besserung ist allerdings gestattet. Die Apple Watch kommt fr\u00fchestens in einem Vierteljahr auf den Markt, bis dahin bleibt also noch etwas Zeit, das Ganze ein wenig zu optimieren. Re\/code zitiert diesbez\u00fcglich ebenfalls Quellen die best\u00e4tigten, dass Apple mit der momentanen Akkulaufzeit unzufrieden ist und hier noch optimieren will. Im Laufe der zweist\u00fcndigen Keynote gestern wurde dieses Thema jedenfalls ebenso tunlichst vermieden, wie es in den umfassenden Online-Informationen zur Uhr nicht zu finden ist.<\/p>\n","protected":false},"excerpt":{"rendered":"<a href=\"https:\/\/www.ifun.de\/apple-watch-akkulaufzeit-angeblich-nur-1-tag-66084\/\"><img width=\"150\" height=\"150\" src=\"https:\/\/images.ifun.de\/wp-content\/uploads\/2014\/09\/apple-watch-ladegeraet-150x150.jpg\" class=\"alignright tfe wp-post-image\" alt=\"\" decoding=\"async\" loading=\"lazy\" \/><\/a><p>Falls ihr mit dem Gedanken an eine Apple Watch spielt, k\u00f6nnt ihr schon mal ein Pl\u00e4tzchen auf dem Nachttisch frei r\u00e4umen. Das Ding will angeblich jede Nacht geladen werden. Das Onlinemagazin Re\/code hat diese Information aus inoffiziellen Quellen erhalten und inzwischen sogar um eine zumindest indirekte Best\u00e4tigung seitens Apple erg\u00e4nzt. Die Firmensprecherin Natalie Kerris lie\u00df [&hellip;]<\/p>\n","protected":false},"author":2,"featured_media":66085,"comment_status":"open","ping_status":"closed","sticky":false,"template":"","format":"standard","meta":{"_acf_changed":false,"footnotes":""},"categories":[3],"tags":[137,2505],"class_list":["post-66084","post","type-post","status-publish","format-standard","has-post-thumbnail","hentry","category-apple","tag-akku","tag-apple-watch"],"acf":[],"aioseo_notices":[],"featured_image":["http:\/\/images.ifun.de\/wp-content\/uploads\/2014\/09\/apple-watch-laden.jpg"],"rest_api_enabler":{"featured_image":"http:\/\/images.ifun.de\/wp-content\/uploads\/2014\/09\/apple-watch-laden.jpg"},"_links":{"self":[{"href":"https:\/\/www.ifun.de\/apiv2\/wp\/v2\/posts\/66084","targetHints":{"allow":["GET"]}}],"collection":[{"href":"https:\/\/www.ifun.de\/apiv2\/wp\/v2\/posts"}],"about":[{"href":"https:\/\/www.ifun.de\/apiv2\/wp\/v2\/types\/post"}],"author":[{"embeddable":true,"href":"https:\/\/www.ifun.de\/apiv2\/wp\/v2\/users\/2"}],"replies":[{"embeddable":true,"href":"https:\/\/www.ifun.de\/apiv2\/wp\/v2\/comments?post=66084"}],"version-history":[{"count":4,"href":"https:\/\/www.ifun.de\/apiv2\/wp\/v2\/posts\/66084\/revisions"}],"predecessor-version":[{"id":66090,"href":"https:\/\/www.ifun.de\/apiv2\/wp\/v2\/posts\/66084\/revisions\/66090"}],"wp:featuredmedia":[{"embeddable":true,"href":"https:\/\/www.ifun.de\/apiv2\/wp\/v2\/media\/66085"}],"wp:attachment":[{"href":"https:\/\/www.ifun.de\/apiv2\/wp\/v2\/media?parent=66084"}],"wp:term":[{"taxonomy":"category","embeddable":true,"href":"https:\/\/www.ifun.de\/apiv2\/wp\/v2\/categories?post=66084"},{"taxonomy":"post_tag","embeddable":true,"href":"https:\/\/www.ifun.de\/apiv2\/wp\/v2\/tags?post=66084"}],"curies":[{"name":"wp","href":"https:\/\/api.w.org\/{rel}","templated":true}]}}