{"id":66021,"date":"2014-09-09T23:29:06","date_gmt":"2014-09-09T21:29:06","guid":{"rendered":"http:\/\/www.ifun.de\/?p=66021"},"modified":"2014-09-09T23:32:16","modified_gmt":"2014-09-09T21:32:16","slug":"apple-watch-ausprobiert-erste-eindruecke-im-video","status":"publish","type":"post","link":"https:\/\/www.ifun.de\/apple-watch-ausprobiert-erste-eindruecke-im-video-66021\/","title":{"rendered":"Apple Watch ausprobiert: Erste Eindr\u00fccke im Video"},"content":{"rendered":"<p>Eher ungew\u00f6hnlich f\u00fcr den Hands-On-Bereich im Anschluss eines Apple-Events, hat Cupertino den anwesenden Pressevertretern heute wenig Spielraum zum Ausprobieren der neu vorgestellten Apple Watch gelassen und weitgehend auf die Mitarbeiter-Pr\u00e4sentation an vorhandenen Demo-Einheiten verwiesen. <\/p>\n<p><a href=\"http:\/\/images.ifun.de\/wp-content\/uploads\/2014\/09\/das-band.jpg\"><img loading=\"lazy\" decoding=\"async\" src=\"http:\/\/images.ifun.de\/wp-content\/uploads\/2014\/09\/das-band.jpg\" alt=\"das-band\" width=\"484\" height=\"297\" class=\"aligncenter size-full wp-image-66024\" srcset=\"https:\/\/images.ifun.de\/wp-content\/uploads\/2014\/09\/das-band.jpg 484w, https:\/\/images.ifun.de\/wp-content\/uploads\/2014\/09\/das-band-300x184.jpg 300w\" sizes=\"auto, (max-width: 484px) 100vw, 484px\" \/><\/a><\/p>\n<p>Die Apple Watch, dies darf zum derzeitigen Zeitpunkt und auch mit Blick auf den kommunizierten Verkaufsstart Anfang 2015 festgestellt werden, ist noch nicht 100-prozentig fertig. Der Bereich, der sonst zum Ausprobieren der neu vorgestellten Produkte vorgesehen ist, h\u00e4lt diesmal ausschlie\u00dflich Ger\u00e4te vor, die mit einem Test-Betriebssystem laufen und eher eine Interaktive Funktions-Pr\u00e4sentation abspielen, als sich wie vorgesehen bedienen lassen.<\/p>\n<p>F\u00fcr einen ersten Eindruck reicht das Test-Areal dennoch aus: Apples Uhr ist erstaunlich leicht, in unglaublich vielen Geschmacksvarianten erh\u00e4ltlich und \u00fcberzeugt mit einer Benutzeroberfl\u00e4che, die auf das kleine Handgelenksdisplay abgestimmt ist.<\/p>\n<p><div class=\"responsive-video\"><iframe loading=\"lazy\" width=\"700\" height=\"371\" src=\"http:\/\/www.youtube-nocookie.com\/embed\/rwv-3wZocK4\" frameborder=\"0\" allowfullscreen><\/iframe><\/div> (<a href=\"http:\/\/youtu.be\/rwv-3wZocK4\">Direkt-Link<\/a>)<\/p>\n<p><div class=\"responsive-video\"><iframe loading=\"lazy\" width=\"700\" height=\"371\" src=\"http:\/\/www.youtube-nocookie.com\/embed\/Hn8jj9KuKDc\" frameborder=\"0\" allowfullscreen><\/iframe><\/div> (<a href=\"http:\/\/youtu.be\/Hn8jj9KuKDc\">Direkt-Link<\/a>)<\/p>\n","protected":false},"excerpt":{"rendered":"<a href=\"https:\/\/www.ifun.de\/apple-watch-ausprobiert-erste-eindruecke-im-video-66021\/\"><img width=\"150\" height=\"150\" src=\"https:\/\/images.ifun.de\/wp-content\/uploads\/2014\/09\/test-150x150.jpg\" class=\"alignright tfe wp-post-image\" alt=\"\" decoding=\"async\" loading=\"lazy\" \/><\/a><p>Eher ungew\u00f6hnlich f\u00fcr den Hands-On-Bereich im Anschluss eines Apple-Events, hat Cupertino den anwesenden Pressevertretern heute wenig Spielraum zum Ausprobieren der neu vorgestellten Apple Watch gelassen und weitgehend auf die Mitarbeiter-Pr\u00e4sentation an vorhandenen Demo-Einheiten verwiesen. Die Apple Watch, dies darf zum derzeitigen Zeitpunkt und auch mit Blick auf den kommunizierten Verkaufsstart Anfang 2015 festgestellt werden, ist [&hellip;]<\/p>\n","protected":false},"author":1,"featured_media":66022,"comment_status":"open","ping_status":"closed","sticky":false,"template":"","format":"standard","meta":{"_acf_changed":false,"footnotes":""},"categories":[20],"tags":[2505,31],"class_list":["post-66021","post","type-post","status-publish","format-standard","has-post-thumbnail","hentry","category-videos","tag-apple-watch","tag-video"],"acf":[],"aioseo_notices":[],"featured_image":["http:\/\/images.ifun.de\/wp-content\/uploads\/2014\/09\/test.jpg"],"rest_api_enabler":{"featured_image":"http:\/\/images.ifun.de\/wp-content\/uploads\/2014\/09\/test.jpg"},"_links":{"self":[{"href":"https:\/\/www.ifun.de\/apiv2\/wp\/v2\/posts\/66021","targetHints":{"allow":["GET"]}}],"collection":[{"href":"https:\/\/www.ifun.de\/apiv2\/wp\/v2\/posts"}],"about":[{"href":"https:\/\/www.ifun.de\/apiv2\/wp\/v2\/types\/post"}],"author":[{"embeddable":true,"href":"https:\/\/www.ifun.de\/apiv2\/wp\/v2\/users\/1"}],"replies":[{"embeddable":true,"href":"https:\/\/www.ifun.de\/apiv2\/wp\/v2\/comments?post=66021"}],"version-history":[{"count":2,"href":"https:\/\/www.ifun.de\/apiv2\/wp\/v2\/posts\/66021\/revisions"}],"predecessor-version":[{"id":66025,"href":"https:\/\/www.ifun.de\/apiv2\/wp\/v2\/posts\/66021\/revisions\/66025"}],"wp:featuredmedia":[{"embeddable":true,"href":"https:\/\/www.ifun.de\/apiv2\/wp\/v2\/media\/66022"}],"wp:attachment":[{"href":"https:\/\/www.ifun.de\/apiv2\/wp\/v2\/media?parent=66021"}],"wp:term":[{"taxonomy":"category","embeddable":true,"href":"https:\/\/www.ifun.de\/apiv2\/wp\/v2\/categories?post=66021"},{"taxonomy":"post_tag","embeddable":true,"href":"https:\/\/www.ifun.de\/apiv2\/wp\/v2\/tags?post=66021"}],"curies":[{"name":"wp","href":"https:\/\/api.w.org\/{rel}","templated":true}]}}