{"id":65897,"date":"2014-09-09T12:09:59","date_gmt":"2014-09-09T10:09:59","guid":{"rendered":"http:\/\/www.ifun.de\/?p=65897"},"modified":"2014-09-09T12:16:37","modified_gmt":"2014-09-09T10:16:37","slug":"apple-tv-bereit-fuer-den-keynote-livestream","status":"publish","type":"post","link":"https:\/\/www.ifun.de\/apple-tv-bereit-fuer-den-keynote-livestream-65897\/","title":{"rendered":"Apple TV bereit f\u00fcr den Keynote-Livestream"},"content":{"rendered":"<p>Apple wird das Special Event mit dem Titel \u201eWish we could say more\u201c heute Abend auch \u00fcber <a href=\"http:\/\/www.ifun.de\/apple-tv\/\" title=\"Apple TV\">Apple TV<\/a> live \u00fcbertragen. Mit einem neu auf der Startseite der Set-Top-Box hinzugef\u00fcgten Men\u00fcpunkt &#8222;Apple Events&#8220; sind die Ger\u00e4te nun auch entsprechend vorbereitet.<\/p>\n<p><a href=\"http:\/\/images.ifun.de\/wp-content\/uploads\/2014\/09\/special-event-apple-tv-500.jpg\"><img loading=\"lazy\" decoding=\"async\" src=\"http:\/\/images.ifun.de\/wp-content\/uploads\/2014\/09\/special-event-apple-tv-500.jpg\" alt=\"special-event-apple-tv-500\" width=\"500\" height=\"287\" class=\"aligncenter size-full wp-image-65923\" srcset=\"https:\/\/images.ifun.de\/wp-content\/uploads\/2014\/09\/special-event-apple-tv-500.jpg 500w, https:\/\/images.ifun.de\/wp-content\/uploads\/2014\/09\/special-event-apple-tv-500-300x172.jpg 300w\" sizes=\"auto, (max-width: 500px) 100vw, 500px\" \/><\/a><\/p>\n<p>Falls ihr das Keynote-Symbole nicht auf eurem Apple TV findet, hilft vielleicht ein Neustart. Zudem solltet ihr pr\u00fcfen, ob euer Setup die Systemvoraussetzungen erf\u00fcllt. Ihr ben\u00f6tigt mindestens ein Apple TV der zweiten Generation und darauf muss die Software-Version 6.2 oder h\u00f6her installiert. Der Livestream l\u00e4sst sich dann ab 19 Uhr starten.<\/p>\n<p>Wer die Keynote am Computer mitverfolgen will, ben\u00f6tigt einen Mac, auf dem Safari in Version 5.1.10 installiert ist. iPhones, iPods oder iPads m\u00fcssen mindestens unter iOS 6.0 laufen.<\/p>\n","protected":false},"excerpt":{"rendered":"<a href=\"https:\/\/www.ifun.de\/apple-tv-bereit-fuer-den-keynote-livestream-65897\/\"><img width=\"150\" height=\"150\" src=\"https:\/\/images.ifun.de\/wp-content\/uploads\/2014\/09\/special-event-apple-tv-header-150x150.jpg\" class=\"alignright tfe wp-post-image\" alt=\"\" decoding=\"async\" loading=\"lazy\" \/><\/a><p>Apple wird das Special Event mit dem Titel \u201eWish we could say more\u201c heute Abend auch \u00fcber Apple TV live \u00fcbertragen. Mit einem neu auf der Startseite der Set-Top-Box hinzugef\u00fcgten Men\u00fcpunkt &#8222;Apple Events&#8220; sind die Ger\u00e4te nun auch entsprechend vorbereitet. Falls ihr das Keynote-Symbole nicht auf eurem Apple TV findet, hilft vielleicht ein Neustart. Zudem [&hellip;]<\/p>\n","protected":false},"author":2,"featured_media":65924,"comment_status":"open","ping_status":"closed","sticky":false,"template":"","format":"standard","meta":{"_acf_changed":false,"footnotes":""},"categories":[4],"tags":[26,342,1182,166,31],"class_list":["post-65897","post","type-post","status-publish","format-standard","has-post-thumbnail","hentry","category-appletv","tag-apple-tv","tag-keynote","tag-livestream","tag-special-event","tag-video"],"acf":[],"aioseo_notices":[],"featured_image":["http:\/\/images.ifun.de\/wp-content\/uploads\/2014\/09\/special-event-apple-tv-header.jpg"],"rest_api_enabler":{"featured_image":"http:\/\/images.ifun.de\/wp-content\/uploads\/2014\/09\/special-event-apple-tv-header.jpg"},"_links":{"self":[{"href":"https:\/\/www.ifun.de\/apiv2\/wp\/v2\/posts\/65897","targetHints":{"allow":["GET"]}}],"collection":[{"href":"https:\/\/www.ifun.de\/apiv2\/wp\/v2\/posts"}],"about":[{"href":"https:\/\/www.ifun.de\/apiv2\/wp\/v2\/types\/post"}],"author":[{"embeddable":true,"href":"https:\/\/www.ifun.de\/apiv2\/wp\/v2\/users\/2"}],"replies":[{"embeddable":true,"href":"https:\/\/www.ifun.de\/apiv2\/wp\/v2\/comments?post=65897"}],"version-history":[{"count":5,"href":"https:\/\/www.ifun.de\/apiv2\/wp\/v2\/posts\/65897\/revisions"}],"predecessor-version":[{"id":65925,"href":"https:\/\/www.ifun.de\/apiv2\/wp\/v2\/posts\/65897\/revisions\/65925"}],"wp:featuredmedia":[{"embeddable":true,"href":"https:\/\/www.ifun.de\/apiv2\/wp\/v2\/media\/65924"}],"wp:attachment":[{"href":"https:\/\/www.ifun.de\/apiv2\/wp\/v2\/media?parent=65897"}],"wp:term":[{"taxonomy":"category","embeddable":true,"href":"https:\/\/www.ifun.de\/apiv2\/wp\/v2\/categories?post=65897"},{"taxonomy":"post_tag","embeddable":true,"href":"https:\/\/www.ifun.de\/apiv2\/wp\/v2\/tags?post=65897"}],"curies":[{"name":"wp","href":"https:\/\/api.w.org\/{rel}","templated":true}]}}