{"id":65891,"date":"2014-09-09T07:10:30","date_gmt":"2014-09-09T05:10:30","guid":{"rendered":"http:\/\/www.ifun.de\/?p=65891"},"modified":"2014-09-09T07:11:56","modified_gmt":"2014-09-09T05:11:56","slug":"apples-iphone-event-rockband-u2-soll-tragende-rolle-spielen","status":"publish","type":"post","link":"https:\/\/www.ifun.de\/apples-iphone-event-rockband-u2-soll-tragende-rolle-spielen-65891\/","title":{"rendered":"Apples iPhone-Event: Rockband U2 soll tragende Rolle spielen"},"content":{"rendered":"<p>Neben der neuen iPhone-Generation und Apples \u201eiWatch\u201c soll nach Informationen der <a href=\"http:\/\/bits.blogs.nytimes.com\/2014\/09\/08\/u2-said-to-play-role-at-apple-event\">New York Times<\/a> im Laufe des heutigen Apple-Events auch die Rockband U2 eine tragende Rolle spielen. Es wird vermutet, dass die Band im Rahmen der Veranstaltung live auftritt und dar\u00fcber hinaus das Album von U2 in irgend einer Form mit den neuen Apple-Produkten zusammenh\u00e4ngt.<\/p>\n<p><a href=\"http:\/\/images.ifun.de\/wp-content\/uploads\/2014\/09\/u2-apple-event.jpg\"><img loading=\"lazy\" decoding=\"async\" src=\"http:\/\/images.ifun.de\/wp-content\/uploads\/2014\/09\/u2-apple-event.jpg\" alt=\"u2-apple-event\" width=\"500\" height=\"322\" class=\"aligncenter size-full wp-image-65892\" srcset=\"https:\/\/images.ifun.de\/wp-content\/uploads\/2014\/09\/u2-apple-event.jpg 500w, https:\/\/images.ifun.de\/wp-content\/uploads\/2014\/09\/u2-apple-event-300x193.jpg 300w\" sizes=\"auto, (max-width: 500px) 100vw, 500px\" \/><\/a><\/p>\n<h6>(Bild: <a href=\"https:\/\/twitter.com\/Stephenbrow\/status\/507196399231201280\/photo\/1\">Stephen Browne \/ Twitter<\/a>)<\/h6>\n<p>Gerade die Sache mit den neuen Album mag sehr spekulativ klingen, allerdings muss man wissen, dass zwischen Apple und U2 seit Jahren intensive Kontakte bestehen. So hatte Apple im Jahr 2006 einen <a href=\"https:\/\/www.flickr.com\/photos\/u2sockmonkey\/sets\/72157594159126518\/\">U2-iPod<\/a> im Programm, der nicht nur die Unterschriften der Bandmitglieder auf der R\u00fcckseite trug, sondern zudem auch einen Downloadgutschein f\u00fcr 30 Minuten exklusives Videomaterial beinhaltete. U2-S\u00e4nger Bono Vox war eng mit dem ehemaligen Apple-Chef Steve Jobs befreundet, zudem hat die Band beste Beziehungen zu dem k\u00fcrzlich neu bei Apple eingestiegenen Beats-Gr\u00fcnder und Musikproduzent Jimmy Iovine.<\/p>\n<p>Bereits vor ein paar Tagen kursierte <a href=\"https:\/\/twitter.com\/Stephenbrow\/status\/507196399231201280\/photo\/1\">auf Twitter<\/a> ein Foto, das die Band angeblich bei einer exklusiven Videoaufzeichnung f\u00fcr Apple zeigt und auf dem man mit viel Phantasie auch ein iPhone 6 erkennen kann.<\/p>\n<p>Um 19 Uhr unserer Zeit geht\u2019s heute Abend los. Stellt euch auf etwa 2 Stunden Programm ein, Apple \u00fcbertr\u00e4gt das Event als <a href=\"http:\/\/www.apple.com\/live\/\">Livestream<\/a> \u00fcber Apple TV und Safari (Mac und iOS). Parallel und im Anschluss daran versorgen wir euch mit allen wichtigen Informationen.<\/p>\n","protected":false},"excerpt":{"rendered":"<a href=\"https:\/\/www.ifun.de\/apples-iphone-event-rockband-u2-soll-tragende-rolle-spielen-65891\/\"><img width=\"150\" height=\"150\" src=\"https:\/\/images.ifun.de\/wp-content\/uploads\/2014\/09\/u2-apple-event-150x150.jpg\" class=\"alignright tfe wp-post-image\" alt=\"\" decoding=\"async\" loading=\"lazy\" \/><\/a><p>Neben der neuen iPhone-Generation und Apples \u201eiWatch\u201c soll nach Informationen der New York Times im Laufe des heutigen Apple-Events auch die Rockband U2 eine tragende Rolle spielen. Es wird vermutet, dass die Band im Rahmen der Veranstaltung live auftritt und dar\u00fcber hinaus das Album von U2 in irgend einer Form mit den neuen Apple-Produkten zusammenh\u00e4ngt. [&hellip;]<\/p>\n","protected":false},"author":2,"featured_media":65892,"comment_status":"open","ping_status":"closed","sticky":false,"template":"","format":"standard","meta":{"_acf_changed":false,"footnotes":""},"categories":[18],"tags":[4736,288,3910,4741,29,2502],"class_list":["post-65891","post","type-post","status-publish","format-standard","has-post-thumbnail","hentry","category-rumors","tag-apple","tag-event","tag-geruechte","tag-iphone","tag-musik","tag-u2"],"acf":[],"aioseo_notices":[],"featured_image":["http:\/\/images.ifun.de\/wp-content\/uploads\/2014\/09\/u2-header.jpg"],"rest_api_enabler":{"featured_image":"http:\/\/images.ifun.de\/wp-content\/uploads\/2014\/09\/u2-header.jpg"},"_links":{"self":[{"href":"https:\/\/www.ifun.de\/apiv2\/wp\/v2\/posts\/65891","targetHints":{"allow":["GET"]}}],"collection":[{"href":"https:\/\/www.ifun.de\/apiv2\/wp\/v2\/posts"}],"about":[{"href":"https:\/\/www.ifun.de\/apiv2\/wp\/v2\/types\/post"}],"author":[{"embeddable":true,"href":"https:\/\/www.ifun.de\/apiv2\/wp\/v2\/users\/2"}],"replies":[{"embeddable":true,"href":"https:\/\/www.ifun.de\/apiv2\/wp\/v2\/comments?post=65891"}],"version-history":[{"count":3,"href":"https:\/\/www.ifun.de\/apiv2\/wp\/v2\/posts\/65891\/revisions"}],"predecessor-version":[{"id":65896,"href":"https:\/\/www.ifun.de\/apiv2\/wp\/v2\/posts\/65891\/revisions\/65896"}],"wp:featuredmedia":[{"embeddable":true,"href":"https:\/\/www.ifun.de\/apiv2\/wp\/v2\/media\/65892"}],"wp:attachment":[{"href":"https:\/\/www.ifun.de\/apiv2\/wp\/v2\/media?parent=65891"}],"wp:term":[{"taxonomy":"category","embeddable":true,"href":"https:\/\/www.ifun.de\/apiv2\/wp\/v2\/categories?post=65891"},{"taxonomy":"post_tag","embeddable":true,"href":"https:\/\/www.ifun.de\/apiv2\/wp\/v2\/tags?post=65891"}],"curies":[{"name":"wp","href":"https:\/\/api.w.org\/{rel}","templated":true}]}}