{"id":65827,"date":"2014-09-08T07:09:21","date_gmt":"2014-09-08T05:09:21","guid":{"rendered":"http:\/\/www.ifun.de\/?p=65827"},"modified":"2014-09-09T21:35:52","modified_gmt":"2014-09-09T19:35:52","slug":"noch-1-tag-iphone-6-iwatch-homekit-und-mehr","status":"publish","type":"post","link":"https:\/\/www.ifun.de\/noch-1-tag-iphone-6-iwatch-homekit-und-mehr-65827\/","title":{"rendered":"iPhone 6, iWatch, HomeKit und mehr?"},"content":{"rendered":"<p>Einen Tag vor dem Apple-Event scheint mit Blick auf die n\u00e4chste iPhone-Generation <a href=\"http:\/\/www.iphone-ticker.de\/iphone-6-neues-passbook-symbol-deutet-auf-mobile-payment-hin-70870\/\">so gut wie alles klar<\/a>. Dar\u00fcber, was Apple sonst noch in der Wundert\u00fcte hat, liegen jedoch allenfalls vage Details vor. Immerhin zweifelt mittlerweile kaum mehr jemand daran, dass Apple gemeinsam mit dem iPhone 6 eine begleitendes \u201eWearable Device\u201c vorstellt.<\/p>\n<p><a href=\"http:\/\/images.ifun.de\/wp-content\/uploads\/2014\/09\/apple-event-500.jpg\"><img loading=\"lazy\" decoding=\"async\" src=\"http:\/\/images.ifun.de\/wp-content\/uploads\/2014\/09\/apple-event-500.jpg\" alt=\"apple-event-500\" width=\"500\" height=\"294\" class=\"aligncenter size-full wp-image-65832\" srcset=\"https:\/\/images.ifun.de\/wp-content\/uploads\/2014\/09\/apple-event-500.jpg 500w, https:\/\/images.ifun.de\/wp-content\/uploads\/2014\/09\/apple-event-500-300x176.jpg 300w\" sizes=\"auto, (max-width: 500px) 100vw, 500px\" \/><\/a><\/p>\n<p>Auch wenn dieses Ger\u00e4t im Vorfeld gemeinhin als \u201eiWatch\u201c bezeichnet, wird ist keinesfalls sicher, dass Apple morgen tats\u00e4chlich eine mit technischen Feinheiten versehene Armbanduhr pr\u00e4sentiert. Genauso gut k\u00f6nnen wir ein \u201eintelligentes\u201c Armband oder sonstiges tragbares Ger\u00e4t sehen, das iPhone-Nachrichten anzeigt, sich f\u00fcr die Spracheingabe nutzen l\u00e4sst (&#8222;Wish we could say more&#8220;) und wohl auch mit Bezahlfunktionen ausgestattet ist.<\/p>\n<p>Mit Blick auf das letztgenannte Thema scheint es, als w\u00fcrde Apple in diesem Jahr tats\u00e4chlich klein beigeben und NFC-Chips in eigene Ger\u00e4te integrieren. Zuvor war die Haltung Cupertinos gegen\u00fcber dem mittlerweile sehr verbreiteten Kommunikationsstandard ja eher ablehnend. Nun sollen erste Vertr\u00e4ge mit amerikanischen Handelsketten und Kreditkartenfirmen unter Dach und Fach sein.<\/p>\n<h2>Wearable Device wohl nicht vor 2015<\/h2>\n<p>W\u00e4hrend davon auszugehen ist, dass das iPhone 6 zumindest mit 4,7\u201c Bildschirmgr\u00f6\u00dfe bereits am 19. September in den Handel kommt, wird Apples \u201eWearable Device\u201c voraussichtlich erst im Fr\u00fchjahr 2015 folgen. Die Tatsache, dass Apple am morgigen Dienstag wohl lediglich eine Vorpr\u00e4sentation mit Blick auf einen in der Zukunft liegenden Starttermin macht k\u00f6nnte auch erkl\u00e4ren, warum wir mit Blick auf dieses Ger\u00e4t aus den \u00fcblichen asiatischen Kan\u00e4len noch keinerlei konkrete Vorabinformationen oder gar Fotos geliefert bekamen.<\/p>\n<p>Auch ein zweites iPhone-Modell mit 5,5&#8243;-Bildschirmgr\u00f6\u00dfe ist nicht vom Tisch. Allerdings wird hier f\u00fcr morgen zwar eine Ank\u00fcndigung erwartet, gleichzeitig auch aber der Hinweis, dass der Verkaufsstart f\u00fcr dieses Modell sich noch um ein bis zwei Monate verz\u00f6gert.<\/p>\n<p><a href=\"http:\/\/images.ifun.de\/wp-content\/uploads\/2014\/09\/iphone-vergleich-groesse.jpg\"><img loading=\"lazy\" decoding=\"async\" src=\"http:\/\/images.ifun.de\/wp-content\/uploads\/2014\/09\/iphone-vergleich-groesse.jpg\" alt=\"iphone-vergleich-groesse\" width=\"700\" height=\"363\" class=\"aligncenter size-full wp-image-65834\" srcset=\"https:\/\/images.ifun.de\/wp-content\/uploads\/2014\/09\/iphone-vergleich-groesse.jpg 700w, https:\/\/images.ifun.de\/wp-content\/uploads\/2014\/09\/iphone-vergleich-groesse-300x155.jpg 300w\" sizes=\"auto, (max-width: 700px) 100vw, 700px\" \/><\/a><\/p>\n<h2>Was kommt noch?<\/h2>\n<p>Lassen wir uns also von einer \u201eiWatch\u201c \u00fcberraschen und blicken weiter auf die mit iOS 8 kommenden neuen Standards HomeKit und HealthKit. In beiden Bereichen hat Apple bereits namhafte Partner an Bord, allerdings ist insbesondere die Heimautomatisierungszentrale <a href=\"http:\/\/www.ifun.de\/was-ist-homekit-wird-apple-tv-zur-smarthome-zentrale-63165\/\">HomeKit<\/a> noch ein Buch mit sieben Siegeln. Apple verbietet seinen Partnern im Vorfeld strikt \u00fcber dieses Thema zu sprechen geschweige denn damit zu werben. Somit ist bis heute weder bekannt, welche Firmen Apple gleich von Beginn an mit im Boot hat, noch wie das Ganze konkret umgesetzt ist. Spannend bleibt f\u00fcr uns, wie Apple den Zugriff von au\u00dferhalb des Hauses realisiert. Daf\u00fcr w\u00e4re n\u00e4mlich wie bei den bereits existierenden Einzell\u00f6sungen eine Bridge als Bindeglied zwischen den im Haus aktiven Komponenten und der iCloud als Datenschnittstelle nach au\u00dfen notwendig. Nachdem wir nicht davon ausgehen, dass Apple uns dazu zwingen will, st\u00e4ndig einen Mac am Laufen zu haben, w\u00e4re vorstellbar, dass eine neue Generation der AirPort-WLAN-Stationen oder auch ein neues Apple TV diesen Job \u00fcbernimmt.<\/p>\n<p>Apropos Apple TV: Bez\u00fcglich einer Neuvorstellung der Apple-Set-Top-Box am morgigen Dienstag gibt es bislang keinerlei konkrete Informationen. Die Ger\u00fcchte dahingehend wurden jedoch unter anderem durch eine aktuelle <a href=\"http:\/\/www.ifun.de\/itunes-festival-special-25-euro-itunes-guthaben-als-bonus-bei-apple-tv-kauf-64589\/\">Rabattaktion<\/a> angeheizt, in deren Rahmen man beim Kauf der kleinen schwarzen Kiste derzeit 25 Euro iTunes-Guthaben hinzu bekommt. Auch die \u00fcberraschende und <a href=\"http:\/\/www.ifun.de\/amazon-beendet-fire-tv-rabattaktion-vorzeitig-65697\/\">aggressive Markteinf\u00fchrung<\/a> des Amazon-Konkurrenten Fire TV animiert mit Blick auf den gew\u00e4hlten Zeitpunkt so manchen Zeitgenossen zu Spekulationen. Hier ist zumindest die Vermutung legitim, dass Amazon einer Apple-TV-Neuvorstellung am morgigen Dienstag zuvor kommen will.<\/p>\n<p>Morgen um 21 Uhr wissen wir mehr. Das Apple-Event wird \u00fcber Apple TV und Safari von 19 Uhr an <a href=\"http:\/\/www.apple.com\/live\/\">live \u00fcbertragen<\/a>.<\/p>\n","protected":false},"excerpt":{"rendered":"<a href=\"https:\/\/www.ifun.de\/noch-1-tag-iphone-6-iwatch-homekit-und-mehr-65827\/\"><img width=\"150\" height=\"150\" src=\"https:\/\/images.ifun.de\/wp-content\/uploads\/2014\/09\/iphone-vergleich-groesse-150x150.jpg\" class=\"alignright tfe wp-post-image\" alt=\"\" decoding=\"async\" loading=\"lazy\" \/><\/a><p>Einen Tag vor dem Apple-Event scheint mit Blick auf die n\u00e4chste iPhone-Generation so gut wie alles klar. Dar\u00fcber, was Apple sonst noch in der Wundert\u00fcte hat, liegen jedoch allenfalls vage Details vor. Immerhin zweifelt mittlerweile kaum mehr jemand daran, dass Apple gemeinsam mit dem iPhone 6 eine begleitendes \u201eWearable Device\u201c vorstellt. Auch wenn dieses Ger\u00e4t [&hellip;]<\/p>\n","protected":false},"author":2,"featured_media":65834,"comment_status":"open","ping_status":"closed","sticky":false,"template":"","format":"standard","meta":{"_acf_changed":false,"footnotes":""},"categories":[3],"tags":[308,26,2367,2333,917],"class_list":["post-65827","post","type-post","status-publish","format-standard","has-post-thumbnail","hentry","category-apple","tag-apple-event","tag-apple-tv","tag-homekit","tag-iphone-6","tag-iwatch"],"acf":[],"aioseo_notices":[],"featured_image":["http:\/\/images.ifun.de\/wp-content\/uploads\/2014\/09\/apple-event-header.jpg"],"subheadline":["Noch 1 Tag:"],"rest_api_enabler":{"featured_image":"http:\/\/images.ifun.de\/wp-content\/uploads\/2014\/09\/apple-event-header.jpg","subheadline":"Noch 1 Tag:"},"_links":{"self":[{"href":"https:\/\/www.ifun.de\/apiv2\/wp\/v2\/posts\/65827","targetHints":{"allow":["GET"]}}],"collection":[{"href":"https:\/\/www.ifun.de\/apiv2\/wp\/v2\/posts"}],"about":[{"href":"https:\/\/www.ifun.de\/apiv2\/wp\/v2\/types\/post"}],"author":[{"embeddable":true,"href":"https:\/\/www.ifun.de\/apiv2\/wp\/v2\/users\/2"}],"replies":[{"embeddable":true,"href":"https:\/\/www.ifun.de\/apiv2\/wp\/v2\/comments?post=65827"}],"version-history":[{"count":7,"href":"https:\/\/www.ifun.de\/apiv2\/wp\/v2\/posts\/65827\/revisions"}],"predecessor-version":[{"id":65859,"href":"https:\/\/www.ifun.de\/apiv2\/wp\/v2\/posts\/65827\/revisions\/65859"}],"wp:featuredmedia":[{"embeddable":true,"href":"https:\/\/www.ifun.de\/apiv2\/wp\/v2\/media\/65834"}],"wp:attachment":[{"href":"https:\/\/www.ifun.de\/apiv2\/wp\/v2\/media?parent=65827"}],"wp:term":[{"taxonomy":"category","embeddable":true,"href":"https:\/\/www.ifun.de\/apiv2\/wp\/v2\/categories?post=65827"},{"taxonomy":"post_tag","embeddable":true,"href":"https:\/\/www.ifun.de\/apiv2\/wp\/v2\/tags?post=65827"}],"curies":[{"name":"wp","href":"https:\/\/api.w.org\/{rel}","templated":true}]}}