{"id":65441,"date":"2014-08-29T18:32:49","date_gmt":"2014-08-29T16:32:49","guid":{"rendered":"http:\/\/www.ifun.de\/?p=65441"},"modified":"2014-08-29T18:36:06","modified_gmt":"2014-08-29T16:36:06","slug":"apples-wearable-soll-nicht-vor-2015-auf-den-markt-kommen","status":"publish","type":"post","link":"https:\/\/www.ifun.de\/apples-wearable-soll-nicht-vor-2015-auf-den-markt-kommen-65441\/","title":{"rendered":"Apples \u201eWearable\u201c soll nicht vor 2015 auf den Markt kommen"},"content":{"rendered":"<p>Gestern hat Apple die Katze aus dem Sack gelassen und den 9. September als Termin f\u00fcr das traditionelle Herbst-Event <a href=\"http:\/\/www.iphone-ticker.de\/iphone-6-iwatch-vorstellung-9-september-70435\/\">best\u00e4tigt<\/a>. Allgemein wird dann die Vorstellung der n\u00e4chsten iPhone-Generation erwartet. Erg\u00e4nzend soll <a href=\"http:\/\/www.iphone-ticker.de\/wearables-und-nfc-neue-spekulationen-im-vorfeld-der-iphone-vorstellung-70454\/\">Ger\u00fcchten<\/a> zufolge an diesem Tag zudem ein neues Produkt pr\u00e4sentiert werden, dass als iOS-Zubeh\u00f6r perfekt mit HealthKit und HomeKit, Apples neuen Softwarel\u00f6sungen rund um die Themen Gesundheit und Heimautomatisierung zusammenspielt.<\/p>\n<p>Die Markteinf\u00fchrung dieser Neuerung k\u00f6nnte allerdings auf sich warten lassen. Die amerikanische Webseite <a href=\"http:\/\/recode.net\/2014\/08\/29\/codered-apple-wearable-wont-ship-until-next-year\/\">Re\/code<\/a> will erfahren haben, dass das neue Apple-Gadget keinesfalls sofort verf\u00fcgbar sein wird. Die Meinungen bez\u00fcglich der Wartezeit gehen auseinander, jedenfalls scheint es eher unwahrscheinlich, dass Apple noch vor Weihnachten liefern kann. Vermutlich m\u00fcssen sich Interessenten sogar bis ins n\u00e4chste Jahr gedulden.<\/p>\n<blockquote><p>It\u2019s not shipping any time soon<\/p><\/blockquote>\n<p>Da werden Erinnerungen an das erste iPhone wach. Hier hat sich Apple ein halbes Jahr Zeit gelassen, bis das Ger\u00e4t zun\u00e4chst in den USA auf den Markt kam. In Deutschland musste man dann noch f\u00fcnf weitere Monate auf den Verkaufsstart warten.<\/p>\n<p>Zudem ist es abh\u00e4ngig von der Art und dem Funktionsumfang der Apple-Neuvorstellung durchaus m\u00f6glich, dass wir hierzulande sowieso wieder l\u00e4nger warten als Apples amerikanische Kundschaft. Somit solltet ihr euch nicht darauf verlassen, dass ihr nach dem Apple-Event am 9. September bereits das Thema Weihnachtsgeschenke abhaken k\u00f6nnt.<\/p>\n","protected":false},"excerpt":{"rendered":"<a href=\"https:\/\/www.ifun.de\/apples-wearable-soll-nicht-vor-2015-auf-den-markt-kommen-65441\/\"><img width=\"150\" height=\"150\" src=\"https:\/\/images.ifun.de\/wp-content\/uploads\/2014\/08\/apple-logo-keynote-header-150x150.jpg\" class=\"alignright tfe wp-post-image\" alt=\"\" decoding=\"async\" loading=\"lazy\" \/><\/a><p>Gestern hat Apple die Katze aus dem Sack gelassen und den 9. September als Termin f\u00fcr das traditionelle Herbst-Event best\u00e4tigt. Allgemein wird dann die Vorstellung der n\u00e4chsten iPhone-Generation erwartet. Erg\u00e4nzend soll Ger\u00fcchten zufolge an diesem Tag zudem ein neues Produkt pr\u00e4sentiert werden, dass als iOS-Zubeh\u00f6r perfekt mit HealthKit und HomeKit, Apples neuen Softwarel\u00f6sungen rund um [&hellip;]<\/p>\n","protected":false},"author":2,"featured_media":65444,"comment_status":"open","ping_status":"closed","sticky":false,"template":"","format":"standard","meta":{"_acf_changed":false,"footnotes":""},"categories":[18],"tags":[4736,3910,2327],"class_list":["post-65441","post","type-post","status-publish","format-standard","has-post-thumbnail","hentry","category-rumors","tag-apple","tag-geruechte","tag-wearable-electronics"],"acf":[],"aioseo_notices":[],"featured_image":["http:\/\/images.ifun.de\/wp-content\/uploads\/2014\/08\/apple-logo-keynote-header.jpg"],"rest_api_enabler":{"featured_image":"http:\/\/images.ifun.de\/wp-content\/uploads\/2014\/08\/apple-logo-keynote-header.jpg"},"_links":{"self":[{"href":"https:\/\/www.ifun.de\/apiv2\/wp\/v2\/posts\/65441","targetHints":{"allow":["GET"]}}],"collection":[{"href":"https:\/\/www.ifun.de\/apiv2\/wp\/v2\/posts"}],"about":[{"href":"https:\/\/www.ifun.de\/apiv2\/wp\/v2\/types\/post"}],"author":[{"embeddable":true,"href":"https:\/\/www.ifun.de\/apiv2\/wp\/v2\/users\/2"}],"replies":[{"embeddable":true,"href":"https:\/\/www.ifun.de\/apiv2\/wp\/v2\/comments?post=65441"}],"version-history":[{"count":8,"href":"https:\/\/www.ifun.de\/apiv2\/wp\/v2\/posts\/65441\/revisions"}],"predecessor-version":[{"id":65450,"href":"https:\/\/www.ifun.de\/apiv2\/wp\/v2\/posts\/65441\/revisions\/65450"}],"wp:featuredmedia":[{"embeddable":true,"href":"https:\/\/www.ifun.de\/apiv2\/wp\/v2\/media\/65444"}],"wp:attachment":[{"href":"https:\/\/www.ifun.de\/apiv2\/wp\/v2\/media?parent=65441"}],"wp:term":[{"taxonomy":"category","embeddable":true,"href":"https:\/\/www.ifun.de\/apiv2\/wp\/v2\/categories?post=65441"},{"taxonomy":"post_tag","embeddable":true,"href":"https:\/\/www.ifun.de\/apiv2\/wp\/v2\/tags?post=65441"}],"curies":[{"name":"wp","href":"https:\/\/api.w.org\/{rel}","templated":true}]}}