{"id":65029,"date":"2014-08-21T07:14:18","date_gmt":"2014-08-21T05:14:18","guid":{"rendered":"http:\/\/www.ifun.de\/?p=65029"},"modified":"2014-08-21T07:58:13","modified_gmt":"2014-08-21T05:58:13","slug":"kommt-split-screen-multitasking-ipad-air-soll-mehr-ram-erhalten","status":"publish","type":"post","link":"https:\/\/www.ifun.de\/kommt-split-screen-multitasking-ipad-air-soll-mehr-ram-erhalten-65029\/","title":{"rendered":"Kommt Split-Screen-Multitasking? iPad Air soll mehr RAM erhalten"},"content":{"rendered":"<p>Nach all den <a href=\"http:\/\/www.iphone-ticker.de\/iphone-6-neue-fotos-und-spekulationen-zur-bildschirmaufloesung-69967\/\">iPhone-Spekulationen<\/a> der letzten Wochen starten wir heute zur Abwechslung mal mit einem iPad-Ger\u00fccht. Laut Informationen aus taiwanesischen Herstellerkreisen soll die n\u00e4chste Generation des iPad Air mit 2 GB Arbeitsspeicher ausgestattet sein. Das Tablet w\u00e4re damit doppelt so gut best\u00fcckt wie die aktuelle Generation des iPad Air oder auch das iPad mini.<\/p>\n<p><a href=\"http:\/\/images.ifun.de\/wp-content\/uploads\/2014\/06\/50029.jpg\"><img loading=\"lazy\" decoding=\"async\" src=\"http:\/\/images.ifun.de\/wp-content\/uploads\/2014\/06\/50029.jpg\" alt=\"500\" width=\"500\" height=\"350\" class=\"aligncenter size-full wp-image-61230\" srcset=\"https:\/\/images.ifun.de\/wp-content\/uploads\/2014\/06\/50029.jpg 500w, https:\/\/images.ifun.de\/wp-content\/uploads\/2014\/06\/50029-300x210.jpg 300w\" sizes=\"auto, (max-width: 500px) 100vw, 500px\" \/><\/a><\/p>\n<p>Besonders Prozesse wie Multitasking k\u00f6nnten von einer besseren Ausstattung mit Arbeitsspeicher profitieren. Da erinnert man sich nat\u00fcrlich gleich an das nicht aktivierte, aber in Testversionen von iOS vorhandene <a href=\"http:\/\/www.ifun.de\/ios-8-enthaelt-hinweise-auf-splitscreen-funktion-61228\/\" title=\"Split-Screen-Multitasking\">Split-Screen-Multitasking<\/a>. Eine Funktion, die das Ausf\u00fchren mehrerer Apps nebeneinander erlauben und dementsprechend besonders auf dem mit einem gr\u00f6\u00dferen Bildschirm ausgestattet iPad Air Sinn machen w\u00fcrde. Hier w\u00e4re eine bessere Ausstattung mit Arbeitsspeicher m\u00f6glicherweise sogar zwingende Voraussetzung f\u00fcr das fl\u00fcssige Arbeiten. Apples kleineres iPad soll dagegen nach Informationen aus der selben Quelle weiterhin bei 1 GB RAM bleiben. (via <a href=\"http:\/\/www.iphoneincanada.ca\/ipad\/ipad-air2-2-gb-ram-iwatch-8gb-storage\/\">iPhone Canada<\/a>)<\/p>\n<p>Der Arbeitsspeicher des iPad wurde seit der Einf\u00fchrung des Retina-Bildschirms mit Generation 3 nicht mehr erh\u00f6ht, somit w\u00e4re ein solches Upgrade auch mit Blick auf die Zeitleiste nicht sonderlich \u00fcberraschend. Momentan rechnen wir damit, dass die neuen iPads im Oktober vorgestellt werden.<\/p>\n<h2>Split-Screen-Multitasking in iOS<\/h2>\n<p><div class=\"responsive-video\"><iframe loading=\"lazy\" width=\"700\" height=\"394\" src=\"\/\/www.youtube-nocookie.com\/embed\/FrPVVO3A6yY?rel=0\" frameborder=\"0\" allowfullscreen><\/iframe><\/div><\/p>\n<h6>(Simulator-Demo der versteckten iOS-Funktion)<\/h6>\n","protected":false},"excerpt":{"rendered":"<a href=\"https:\/\/www.ifun.de\/kommt-split-screen-multitasking-ipad-air-soll-mehr-ram-erhalten-65029\/\"><img decoding=\"async\" width=\"150\" src=\"http:\/\/images.ifun.de\/wp-content\/uploads\/2014\/06\/50029.jpg\" class=\"alignright wp-post-image tfe\" alt=\"500\" title=\"\" \/><\/a><p>Nach all den iPhone-Spekulationen der letzten Wochen starten wir heute zur Abwechslung mal mit einem iPad-Ger\u00fccht. Laut Informationen aus taiwanesischen Herstellerkreisen soll die n\u00e4chste Generation des iPad Air mit 2 GB Arbeitsspeicher ausgestattet sein. Das Tablet w\u00e4re damit doppelt so gut best\u00fcckt wie die aktuelle Generation des iPad Air oder auch das iPad mini. Besonders [&hellip;]<\/p>\n","protected":false},"author":2,"featured_media":0,"comment_status":"open","ping_status":"closed","sticky":false,"template":"","format":"standard","meta":{"_acf_changed":false,"footnotes":""},"categories":[18,1783],"tags":[1521,3910,2067],"class_list":["post-65029","post","type-post","status-publish","format-standard","hentry","category-rumors","category-feature","tag-arbeitsspeicher","tag-geruechte","tag-ipad-air"],"acf":[],"aioseo_notices":[],"featured_image":["http:\/\/images.ifun.de\/wp-content\/uploads\/2014\/06\/header38.jpg"],"rest_api_enabler":{"featured_image":"http:\/\/images.ifun.de\/wp-content\/uploads\/2014\/06\/header38.jpg"},"_links":{"self":[{"href":"https:\/\/www.ifun.de\/apiv2\/wp\/v2\/posts\/65029","targetHints":{"allow":["GET"]}}],"collection":[{"href":"https:\/\/www.ifun.de\/apiv2\/wp\/v2\/posts"}],"about":[{"href":"https:\/\/www.ifun.de\/apiv2\/wp\/v2\/types\/post"}],"author":[{"embeddable":true,"href":"https:\/\/www.ifun.de\/apiv2\/wp\/v2\/users\/2"}],"replies":[{"embeddable":true,"href":"https:\/\/www.ifun.de\/apiv2\/wp\/v2\/comments?post=65029"}],"version-history":[{"count":6,"href":"https:\/\/www.ifun.de\/apiv2\/wp\/v2\/posts\/65029\/revisions"}],"predecessor-version":[{"id":65036,"href":"https:\/\/www.ifun.de\/apiv2\/wp\/v2\/posts\/65029\/revisions\/65036"}],"wp:attachment":[{"href":"https:\/\/www.ifun.de\/apiv2\/wp\/v2\/media?parent=65029"}],"wp:term":[{"taxonomy":"category","embeddable":true,"href":"https:\/\/www.ifun.de\/apiv2\/wp\/v2\/categories?post=65029"},{"taxonomy":"post_tag","embeddable":true,"href":"https:\/\/www.ifun.de\/apiv2\/wp\/v2\/tags?post=65029"}],"curies":[{"name":"wp","href":"https:\/\/api.w.org\/{rel}","templated":true}]}}