{"id":64903,"date":"2014-08-20T07:47:15","date_gmt":"2014-08-20T05:47:15","guid":{"rendered":"http:\/\/www.ifun.de\/?p=64903"},"modified":"2014-08-20T07:47:15","modified_gmt":"2014-08-20T05:47:15","slug":"fehlerbehebungen-apple-aktualisiert-final-cut-pro-motion-und-compressor","status":"publish","type":"post","link":"https:\/\/www.ifun.de\/fehlerbehebungen-apple-aktualisiert-final-cut-pro-motion-und-compressor-64903\/","title":{"rendered":"Fehlerbehebungen: Apple aktualisiert Final Cut Pro, Motion und Compressor"},"content":{"rendered":"<p>Apple hat die hauseigene Profi-Video-App <a href=\"https:\/\/itunes.apple.com\/de\/app\/final-cut-pro\/id424389933?mt=12&amp;uo=4&amp;at=10ltcU\">Final Cut Pro X<\/a> in Version 10.1.3 ver\u00f6ffentlicht. Die Aktualisierung k\u00fcmmert sich in erster Linie um Fehlerbehebungen und Verbesserungen der Stabilit\u00e4t, so sollten nun beispielsweise keine Probleme mehr beim Brennen einer Blu-ray oder beim Erstellen einer Imagedatei daf\u00fcr auftreten und die Mediatheks-Backups zuverl\u00e4ssig laufen.<\/p>\n<p><a href=\"http:\/\/images.ifun.de\/wp-content\/uploads\/2014\/08\/final-cut-pro-4k.jpg\"><img loading=\"lazy\" decoding=\"async\" src=\"http:\/\/images.ifun.de\/wp-content\/uploads\/2014\/08\/final-cut-pro-4k.jpg\" alt=\"final-cut-pro-4k\" width=\"500\" height=\"334\" class=\"aligncenter size-full wp-image-64906\" srcset=\"https:\/\/images.ifun.de\/wp-content\/uploads\/2014\/08\/final-cut-pro-4k.jpg 500w, https:\/\/images.ifun.de\/wp-content\/uploads\/2014\/08\/final-cut-pro-4k-300x200.jpg 300w\" sizes=\"auto, (max-width: 500px) 100vw, 500px\" \/><\/a><\/p>\n<p>Final Cut Pro X l\u00e4sst sich seit 2011 im Mac App Store laden. Mit Blick auf den Preis von 269,99 Euro wird schnell klar, dass sich die Software vorrangig an Anwender im Professionellen Bereich wendet.<\/p>\n<h2>Auch Motion und Compressor aktualisiert<\/h2>\n<p>Es ist beinahe schon Standard, dass Apple gemeinsam mit Final Cut Pro auch die Programme <a href=\"https:\/\/itunes.apple.com\/de\/app\/motion\/id434290957?mt=12&amp;uo=4&amp;at=10ltcU\">Motion<\/a> und Compressor aktualisiert. Bei Motion handelt es sich um ein Video-Effekt-Tool, bei dem in der neuen Version 5.1.2 ebenfalls Probleme im Zusammenhang mit der Blu-ray-Erstellung behoben wurden. Das selbe gilt f\u00fcr das nun in Version 4.1.3 erh\u00e4ltliche Spezialwerkzeug f\u00fcr den Video-Export <a href=\"https:\/\/itunes.apple.com\/de\/app\/compressor\/id424390742?mt=12&amp;uo=4&amp;at=10ltcU\">Compressor<\/a>.<\/p>\n","protected":false},"excerpt":{"rendered":"<a href=\"https:\/\/www.ifun.de\/fehlerbehebungen-apple-aktualisiert-final-cut-pro-motion-und-compressor-64903\/\"><img width=\"150\" height=\"150\" src=\"https:\/\/images.ifun.de\/wp-content\/uploads\/2014\/08\/final-cut-pro-icon.jpg\" class=\"alignright tfe wp-post-image\" alt=\"\" decoding=\"async\" loading=\"lazy\" \/><\/a><p>Apple hat die hauseigene Profi-Video-App Final Cut Pro X in Version 10.1.3 ver\u00f6ffentlicht. Die Aktualisierung k\u00fcmmert sich in erster Linie um Fehlerbehebungen und Verbesserungen der Stabilit\u00e4t, so sollten nun beispielsweise keine Probleme mehr beim Brennen einer Blu-ray oder beim Erstellen einer Imagedatei daf\u00fcr auftreten und die Mediatheks-Backups zuverl\u00e4ssig laufen. Final Cut Pro X l\u00e4sst sich [&hellip;]<\/p>\n","protected":false},"author":2,"featured_media":64908,"comment_status":"open","ping_status":"closed","sticky":false,"template":"","format":"standard","meta":{"_acf_changed":false,"footnotes":""},"categories":[16],"tags":[4736,6321,98,52,31],"class_list":["post-64903","post","type-post","status-publish","format-standard","has-post-thumbnail","hentry","category-mac","tag-apple","tag-mac","tag-mac-app-store","tag-software","tag-video"],"acf":[],"aioseo_notices":[],"featured_image":["http:\/\/images.ifun.de\/wp-content\/uploads\/2014\/08\/final-cut-pro-header.jpg"],"rest_api_enabler":{"featured_image":"http:\/\/images.ifun.de\/wp-content\/uploads\/2014\/08\/final-cut-pro-header.jpg"},"_links":{"self":[{"href":"https:\/\/www.ifun.de\/apiv2\/wp\/v2\/posts\/64903","targetHints":{"allow":["GET"]}}],"collection":[{"href":"https:\/\/www.ifun.de\/apiv2\/wp\/v2\/posts"}],"about":[{"href":"https:\/\/www.ifun.de\/apiv2\/wp\/v2\/types\/post"}],"author":[{"embeddable":true,"href":"https:\/\/www.ifun.de\/apiv2\/wp\/v2\/users\/2"}],"replies":[{"embeddable":true,"href":"https:\/\/www.ifun.de\/apiv2\/wp\/v2\/comments?post=64903"}],"version-history":[{"count":3,"href":"https:\/\/www.ifun.de\/apiv2\/wp\/v2\/posts\/64903\/revisions"}],"predecessor-version":[{"id":64909,"href":"https:\/\/www.ifun.de\/apiv2\/wp\/v2\/posts\/64903\/revisions\/64909"}],"wp:featuredmedia":[{"embeddable":true,"href":"https:\/\/www.ifun.de\/apiv2\/wp\/v2\/media\/64908"}],"wp:attachment":[{"href":"https:\/\/www.ifun.de\/apiv2\/wp\/v2\/media?parent=64903"}],"wp:term":[{"taxonomy":"category","embeddable":true,"href":"https:\/\/www.ifun.de\/apiv2\/wp\/v2\/categories?post=64903"},{"taxonomy":"post_tag","embeddable":true,"href":"https:\/\/www.ifun.de\/apiv2\/wp\/v2\/tags?post=64903"}],"curies":[{"name":"wp","href":"https:\/\/api.w.org\/{rel}","templated":true}]}}