{"id":64725,"date":"2014-08-15T09:17:15","date_gmt":"2014-08-15T07:17:15","guid":{"rendered":"http:\/\/www.ifun.de\/?p=64725"},"modified":"2014-08-15T09:22:22","modified_gmt":"2014-08-15T07:22:22","slug":"retina-macbook-pro-mitte-2014-zeigt-falschen-namen-an","status":"publish","type":"post","link":"https:\/\/www.ifun.de\/retina-macbook-pro-mitte-2014-zeigt-falschen-namen-an-64725\/","title":{"rendered":"Retina MacBook Pro (Mitte 2014) zeigt falschen Namen an"},"content":{"rendered":"<p>Solltet ihr euch eines der <a title=\"macbook\" href=\"http:\/\/www.ifun.de\/macbook-pro-retina-mitte-2014-63799\/\">neuen Retina MacBooks<\/a> geschossen haben &#8211; Gl\u00fcckwunsch! &#8211; k\u00f6nnte euer Mac unter Umst\u00e4nden seinen Namen vergessen haben. Wenn euch nach dem Klick auf das \uf8ff-Symbol in der Menuleiste, im Bereich &#8222;\u00dcber diesen Mac&#8220; -&gt; &#8222;Weitere Informationen &#8230;&#8220; nicht die Produktbezeichnung &#8222;MacBook Pro (Retina, Mid 2014)&#8220; sondern eine zuf\u00e4llige Ziffer angezeigt wird, dann seid ihr betroffen.<\/p>\n<p><a href=\"http:\/\/images.ifun.de\/wp-content\/uploads\/2014\/08\/anzeige.jpg\"><img loading=\"lazy\" decoding=\"async\" class=\"aligncenter size-full wp-image-64726\" src=\"http:\/\/images.ifun.de\/wp-content\/uploads\/2014\/08\/anzeige.jpg\" alt=\"anzeige\" width=\"500\" height=\"284\" srcset=\"https:\/\/images.ifun.de\/wp-content\/uploads\/2014\/08\/anzeige.jpg 500w, https:\/\/images.ifun.de\/wp-content\/uploads\/2014\/08\/anzeige-300x170.jpg 300w\" sizes=\"auto, (max-width: 500px) 100vw, 500px\" \/><\/a><\/p>\n<p>Gl\u00fccklicherweise l\u00e4sst sich die falsche Modell-Identifikation relativ schnell beheben:<\/p>\n<ul>\n<li>Schlie\u00dft das Fenster &#8222;\u00dcber diesen Mac&#8220;<\/li>\n<li>\u00d6ffnet im Finder das &#8222;Gehe zum Ordner &#8230;&#8220;-Menu (Tastenkombination: \u2318+\u21e7+G)<\/li>\n<li>\u00d6ffnet den Verzeichnispfad ~\/Library\/Preferences<\/li>\n<li>Verschiebt die Datei &#8222;com.apple.SystemProfiler.plist&#8220; in den Papierkorb.<\/li>\n<li>Fertig.<\/li>\n<\/ul>\n<p>Euer MacBook sollte seine offizielle Bezeichnung nun wieder richtig anzeigen. Der Identifikation und dem Vergleich <a href=\"http:\/\/www.ifun.de\/mactracker-apple-hardware-datenbank-und-persoenliche-geraeteliste-64679\/\">mit \u00e4lteren Modellen<\/a> steht nun nichts mehr im Wege.<\/p>\n<h2>Die Spezifikationen des aktuellen MacBook Pro<\/h2>\n<p><a href=\"http:\/\/images.ifun.de\/wp-content\/uploads\/2014\/08\/macbook-pro.jpg\"><img loading=\"lazy\" decoding=\"async\" src=\"http:\/\/images.ifun.de\/wp-content\/uploads\/2014\/08\/macbook-pro.jpg\" alt=\"macbook-pro\" width=\"650\" height=\"863\" class=\"aligncenter size-full wp-image-64730\" srcset=\"https:\/\/images.ifun.de\/wp-content\/uploads\/2014\/08\/macbook-pro.jpg 650w, https:\/\/images.ifun.de\/wp-content\/uploads\/2014\/08\/macbook-pro-225x300.jpg 225w\" sizes=\"auto, (max-width: 650px) 100vw, 650px\" \/><\/a><\/p>\n","protected":false},"excerpt":{"rendered":"<a href=\"https:\/\/www.ifun.de\/retina-macbook-pro-mitte-2014-zeigt-falschen-namen-an-64725\/\"><img width=\"150\" height=\"150\" src=\"https:\/\/images.ifun.de\/wp-content\/uploads\/2013\/12\/bassjump-mit-macbook-150x150.jpg\" class=\"alignright tfe wp-post-image\" alt=\"\" decoding=\"async\" loading=\"lazy\" \/><\/a><p>Solltet ihr euch eines der neuen Retina MacBooks geschossen haben &#8211; Gl\u00fcckwunsch! &#8211; k\u00f6nnte euer Mac unter Umst\u00e4nden seinen Namen vergessen haben. Wenn euch nach dem Klick auf das \uf8ff-Symbol in der Menuleiste, im Bereich &#8222;\u00dcber diesen Mac&#8220; -&gt; &#8222;Weitere Informationen &#8230;&#8220; nicht die Produktbezeichnung &#8222;MacBook Pro (Retina, Mid 2014)&#8220; sondern eine zuf\u00e4llige Ziffer angezeigt [&hellip;]<\/p>\n","protected":false},"author":1,"featured_media":51522,"comment_status":"open","ping_status":"closed","sticky":false,"template":"","format":"standard","meta":{"_acf_changed":false,"footnotes":""},"categories":[16],"tags":[4736,144,2472,293,125],"class_list":["post-64725","post","type-post","status-publish","format-standard","has-post-thumbnail","hentry","category-mac","tag-apple","tag-macbook","tag-name","tag-os-x","tag-tipp"],"acf":[],"aioseo_notices":[],"featured_image":["http:\/\/images.ifun.de\/wp-content\/uploads\/2014\/08\/macbook-f.jpg"],"rest_api_enabler":{"featured_image":"http:\/\/images.ifun.de\/wp-content\/uploads\/2014\/08\/macbook-f.jpg"},"_links":{"self":[{"href":"https:\/\/www.ifun.de\/apiv2\/wp\/v2\/posts\/64725","targetHints":{"allow":["GET"]}}],"collection":[{"href":"https:\/\/www.ifun.de\/apiv2\/wp\/v2\/posts"}],"about":[{"href":"https:\/\/www.ifun.de\/apiv2\/wp\/v2\/types\/post"}],"author":[{"embeddable":true,"href":"https:\/\/www.ifun.de\/apiv2\/wp\/v2\/users\/1"}],"replies":[{"embeddable":true,"href":"https:\/\/www.ifun.de\/apiv2\/wp\/v2\/comments?post=64725"}],"version-history":[{"count":6,"href":"https:\/\/www.ifun.de\/apiv2\/wp\/v2\/posts\/64725\/revisions"}],"predecessor-version":[{"id":64734,"href":"https:\/\/www.ifun.de\/apiv2\/wp\/v2\/posts\/64725\/revisions\/64734"}],"wp:featuredmedia":[{"embeddable":true,"href":"https:\/\/www.ifun.de\/apiv2\/wp\/v2\/media\/51522"}],"wp:attachment":[{"href":"https:\/\/www.ifun.de\/apiv2\/wp\/v2\/media?parent=64725"}],"wp:term":[{"taxonomy":"category","embeddable":true,"href":"https:\/\/www.ifun.de\/apiv2\/wp\/v2\/categories?post=64725"},{"taxonomy":"post_tag","embeddable":true,"href":"https:\/\/www.ifun.de\/apiv2\/wp\/v2\/tags?post=64725"}],"curies":[{"name":"wp","href":"https:\/\/api.w.org\/{rel}","templated":true}]}}