{"id":6472,"date":"2010-05-28T07:46:58","date_gmt":"2010-12-02T20:31:24","guid":{"rendered":""},"modified":"2010-12-02T20:31:24","modified_gmt":"2010-12-02T20:31:24","slug":"heute-offizieller-ipad-verkaufsstart-in-deutschland-und-acht-weiteren-landern","status":"publish","type":"post","link":"https:\/\/www.ifun.de\/heute-offizieller-ipad-verkaufsstart-in-deutschland-und-acht-weiteren-landern-6472\/","title":{"rendered":"Heute offizieller iPad-Verkaufsstart in Deutschland und acht weiteren L\u00e4ndern"},"content":{"rendered":"<p><img decoding=\"async\" src=\"http:\/\/images.ifun.de\/wp-content\/mosimages\/images\/stories\/0095\/gravis_schlange.jpg\">Auch wenn die ersten hei\u00df ersehnten Pakete bereits gestern zugestellt wurden, heute ist der offizielle Verkaufsstart f\u00fcr das iPad in Deutschland, Australien, Kanada, Frankreich, Italien, Japan, Spanien, Gro\u00dfbritannien und der Schweiz. Vor den deutschen Apple Stores und Niederlassungen der Mac-Handelsketten hatten sich teils bereits in den fr\u00fchen Morgenstunden kleine Schlangen gebildet und es ist davon auszugehen, dass zumindest die kleinen Modelle recht schnell ausverkauft sind.<\/p>\n<p>\nWer sein Gl\u00fcck noch versuchen will, kann <a href=\"http:\/\/www.apple.com\/de\/buy\/locator\/\" target=\"_blank\">auf dieser Webseite<\/a> die n\u00e4chstgelegene Verkaufsstelle ausfindig machen.<br \/>\nAn dieser Stelle auch nochmals der Hinweis auf unsere ersten <a href=\"http:\/\/www.ifun.de\/content\/view\/6466\/1\/\">Linktipps f\u00fcr frischgebackene iPad-Besitzer<\/a> \u2026 viel Spa\u00df!<\/p>\n","protected":false},"excerpt":{"rendered":"<a href=\"https:\/\/www.ifun.de\/heute-offizieller-ipad-verkaufsstart-in-deutschland-und-acht-weiteren-landern-6472\/\"><img decoding=\"async\" width=\"150\" src=\"http:\/\/images.ifun.de\/wp-content\/mosimages\/images\/stories\/0095\/gravis_schlange.jpg\" class=\"alignright wp-post-image tfe\" alt=\"\" title=\"\" \/><\/a><p>Auch wenn die ersten hei\u00df ersehnten Pakete bereits gestern zugestellt wurden, heute ist der offizielle Verkaufsstart f\u00fcr das iPad in Deutschland, Australien, Kanada, Frankreich, Italien, Japan, Spanien, Gro\u00dfbritannien und der Schweiz. Vor den deutschen Apple Stores und Niederlassungen der Mac-Handelsketten hatten sich teils bereits in den fr\u00fchen Morgenstunden kleine Schlangen gebildet und es ist davon [&hellip;]<\/p>\n","protected":false},"author":1,"featured_media":0,"comment_status":"open","ping_status":"open","sticky":false,"template":"","format":"standard","meta":{"_acf_changed":false,"footnotes":""},"categories":[],"tags":[],"class_list":["post-6472","post","type-post","status-publish","format-standard","hentry"],"acf":[],"aioseo_notices":[],"rest_api_enabler":[],"_links":{"self":[{"href":"https:\/\/www.ifun.de\/apiv2\/wp\/v2\/posts\/6472","targetHints":{"allow":["GET"]}}],"collection":[{"href":"https:\/\/www.ifun.de\/apiv2\/wp\/v2\/posts"}],"about":[{"href":"https:\/\/www.ifun.de\/apiv2\/wp\/v2\/types\/post"}],"author":[{"embeddable":true,"href":"https:\/\/www.ifun.de\/apiv2\/wp\/v2\/users\/1"}],"replies":[{"embeddable":true,"href":"https:\/\/www.ifun.de\/apiv2\/wp\/v2\/comments?post=6472"}],"version-history":[{"count":1,"href":"https:\/\/www.ifun.de\/apiv2\/wp\/v2\/posts\/6472\/revisions"}],"predecessor-version":[{"id":21459,"href":"https:\/\/www.ifun.de\/apiv2\/wp\/v2\/posts\/6472\/revisions\/21459"}],"wp:attachment":[{"href":"https:\/\/www.ifun.de\/apiv2\/wp\/v2\/media?parent=6472"}],"wp:term":[{"taxonomy":"category","embeddable":true,"href":"https:\/\/www.ifun.de\/apiv2\/wp\/v2\/categories?post=6472"},{"taxonomy":"post_tag","embeddable":true,"href":"https:\/\/www.ifun.de\/apiv2\/wp\/v2\/tags?post=6472"}],"curies":[{"name":"wp","href":"https:\/\/api.w.org\/{rel}","templated":true}]}}