{"id":64060,"date":"2014-08-04T07:21:57","date_gmt":"2014-08-04T05:21:57","guid":{"rendered":"http:\/\/www.ifun.de\/?p=64060"},"modified":"2014-08-04T07:25:16","modified_gmt":"2014-08-04T05:25:16","slug":"neue-fotos-sollen-rueckseite-des-ipad-air-2-zeigen-stummschalter-faellt-weg","status":"publish","type":"post","link":"https:\/\/www.ifun.de\/neue-fotos-sollen-rueckseite-des-ipad-air-2-zeigen-stummschalter-faellt-weg-64060\/","title":{"rendered":"Neue Fotos sollen R\u00fcckseite des iPad Air 2 zeigen: Stummschalter f\u00e4llt weg"},"content":{"rendered":"<p>Was wir bereits im Juni aus <a href=\"http:\/\/www.ifun.de\/fotos-zeigen-ipad-air-prototyp-mit-touch-id-61579\/\">Bildern<\/a> und einem <a href=\"http:\/\/www.ifun.de\/video-ipad-air-2-verglichen-mit-aktuellem-modell-61988\/\">Video<\/a> schlie\u00dfen konnten, scheint sich zu best\u00e4tigen. Die f\u00fcr Oktober erwartete \u00dcberarbeitung des iPad Air kommt mit minimalen \u00e4u\u00dferen \u00c4nderungen und wird wohl vorrangig unter der Haube \u00fcberarbeitet. Neu auf dem chinesischen Mikroblogging-Netzwerk <a href=\"http:\/\/weibo.com\/2617540103\/BgrhCb0Hg?mod=weibotime\">Weibo<\/a> ver\u00f6ffentlichte Fotos eines als R\u00fcckschale des iPad Air 2 beschriebenen Bauteils scheinen dies zu best\u00e4tigen.<\/p>\n<p><a href=\"http:\/\/images.ifun.de\/wp-content\/uploads\/2014\/08\/500.jpg\"><img loading=\"lazy\" decoding=\"async\" src=\"http:\/\/images.ifun.de\/wp-content\/uploads\/2014\/08\/500.jpg\" alt=\"500\" width=\"500\" height=\"389\" class=\"aligncenter size-full wp-image-64061\" srcset=\"https:\/\/images.ifun.de\/wp-content\/uploads\/2014\/08\/500.jpg 500w, https:\/\/images.ifun.de\/wp-content\/uploads\/2014\/08\/500-300x233.jpg 300w\" sizes=\"auto, (max-width: 500px) 100vw, 500px\" \/><\/a><\/p>\n<p>Auf den neuen Fotos fallen wie bereits bei den zuvor ver\u00f6ffentlichten Mockups drei \u00c4nderungen auf: Der Schiebeschalter f\u00fcr die Stummschaltung bzw. Ausrichtungssperre f\u00e4llt weg, die Lautsprecher\u00f6ffnungen sind nur noch einreihig, die L\u00f6cher daf\u00fcr aber gr\u00f6\u00dfer und die \u00d6ffnung f\u00fcr das r\u00fcckseitige Mikrofon wandert direkt neben die Kamera. (via <a href=\"http:\/\/www.macrumors.com\">Mac Rumors<\/a>)<\/p>\n<p><a href=\"http:\/\/images.ifun.de\/wp-content\/uploads\/2014\/08\/700.jpg\"><img loading=\"lazy\" decoding=\"async\" src=\"http:\/\/images.ifun.de\/wp-content\/uploads\/2014\/08\/700.jpg\" alt=\"700\" width=\"700\" height=\"394\" class=\"aligncenter size-full wp-image-64062\" srcset=\"https:\/\/images.ifun.de\/wp-content\/uploads\/2014\/08\/700.jpg 700w, https:\/\/images.ifun.de\/wp-content\/uploads\/2014\/08\/700-300x168.jpg 300w\" sizes=\"auto, (max-width: 700px) 100vw, 700px\" \/><\/a><\/p>\n<p>Der Wegfall des mechanischen Schalters f\u00fcr Stummschaltung bzw. Ausrichtungssperre l\u00e4sst annehmen, dass Apple das mit iOS 7 eingef\u00fchrte Kontrollzentrum als ausreichenden Ersatz f\u00fcr den Schnellzugriff auf diese Funktionen sieht. Die n\u00e4chste iPad-Generation wird f\u00fcr Oktober erwartet. Neben besagten \u00c4nderungen wird erwartet, dass Apple das Ger\u00e4t wie gewohnt technisch verbessert. Hier steht neben Apples A8-Prozessor wohl auch eine erneut verbesserte Kamera auf dem Programm, zudem ist sehr wahrscheinlich, dass Apple den beim iPhone 5s bereits verbauten Fingerabdrucksensor Touch ID k\u00fcnftig auch beim iPad verbaut.<\/p>\n","protected":false},"excerpt":{"rendered":"<a href=\"https:\/\/www.ifun.de\/neue-fotos-sollen-rueckseite-des-ipad-air-2-zeigen-stummschalter-faellt-weg-64060\/\"><img width=\"150\" height=\"150\" src=\"https:\/\/images.ifun.de\/wp-content\/uploads\/2014\/08\/500-150x150.jpg\" class=\"alignright tfe wp-post-image\" alt=\"\" decoding=\"async\" loading=\"lazy\" \/><\/a><p>Was wir bereits im Juni aus Bildern und einem Video schlie\u00dfen konnten, scheint sich zu best\u00e4tigen. Die f\u00fcr Oktober erwartete \u00dcberarbeitung des iPad Air kommt mit minimalen \u00e4u\u00dferen \u00c4nderungen und wird wohl vorrangig unter der Haube \u00fcberarbeitet. Neu auf dem chinesischen Mikroblogging-Netzwerk Weibo ver\u00f6ffentlichte Fotos eines als R\u00fcckschale des iPad Air 2 beschriebenen Bauteils scheinen [&hellip;]<\/p>\n","protected":false},"author":2,"featured_media":64061,"comment_status":"open","ping_status":"closed","sticky":false,"template":"","format":"standard","meta":{"_acf_changed":false,"footnotes":""},"categories":[18],"tags":[3910,2067],"class_list":["post-64060","post","type-post","status-publish","format-standard","has-post-thumbnail","hentry","category-rumors","tag-geruechte","tag-ipad-air"],"acf":[],"aioseo_notices":[],"featured_image":["http:\/\/images.ifun.de\/wp-content\/uploads\/2014\/08\/header.jpg"],"rest_api_enabler":{"featured_image":"http:\/\/images.ifun.de\/wp-content\/uploads\/2014\/08\/header.jpg"},"_links":{"self":[{"href":"https:\/\/www.ifun.de\/apiv2\/wp\/v2\/posts\/64060","targetHints":{"allow":["GET"]}}],"collection":[{"href":"https:\/\/www.ifun.de\/apiv2\/wp\/v2\/posts"}],"about":[{"href":"https:\/\/www.ifun.de\/apiv2\/wp\/v2\/types\/post"}],"author":[{"embeddable":true,"href":"https:\/\/www.ifun.de\/apiv2\/wp\/v2\/users\/2"}],"replies":[{"embeddable":true,"href":"https:\/\/www.ifun.de\/apiv2\/wp\/v2\/comments?post=64060"}],"version-history":[{"count":7,"href":"https:\/\/www.ifun.de\/apiv2\/wp\/v2\/posts\/64060\/revisions"}],"predecessor-version":[{"id":64070,"href":"https:\/\/www.ifun.de\/apiv2\/wp\/v2\/posts\/64060\/revisions\/64070"}],"wp:featuredmedia":[{"embeddable":true,"href":"https:\/\/www.ifun.de\/apiv2\/wp\/v2\/media\/64061"}],"wp:attachment":[{"href":"https:\/\/www.ifun.de\/apiv2\/wp\/v2\/media?parent=64060"}],"wp:term":[{"taxonomy":"category","embeddable":true,"href":"https:\/\/www.ifun.de\/apiv2\/wp\/v2\/categories?post=64060"},{"taxonomy":"post_tag","embeddable":true,"href":"https:\/\/www.ifun.de\/apiv2\/wp\/v2\/tags?post=64060"}],"curies":[{"name":"wp","href":"https:\/\/api.w.org\/{rel}","templated":true}]}}