{"id":6396,"date":"2010-05-07T11:24:26","date_gmt":"2010-05-07T09:24:26","guid":{"rendered":""},"modified":"2011-05-25T16:07:46","modified_gmt":"2011-05-25T14:07:46","slug":"bookbook-schutzender-ledereinband-furs-macbook","status":"publish","type":"post","link":"https:\/\/www.ifun.de\/bookbook-schutzender-ledereinband-furs-macbook-6396\/","title":{"rendered":"BookBook: Sch\u00fctzender Ledereinband f\u00fcrs MacBook"},"content":{"rendered":"<p><img decoding=\"async\" src=\"http:\/\/images.ifun.de\/wp-content\/mosimages\/images\/stories\/0096\/bookbook.jpg\">Nicht nur die Idee f\u00fcr die Mac-Notebook-H\u00fclle <a href=\"http:\/\/twelvesouth.com\/products\/bookbook\/\" target=\"_blank\">BookBook<\/a> ist hervorragend, sondern auch deren Umsetzung. Die lederne Buch-Attrappe ist mit rotem oder braunen R\u00fccken erh\u00e4ltlich und l\u00e4sst sich im Regal beinahe nicht von einem Antiken Lederband untescheiden. Im weich gepolsterten Inneren findet wahlweise ein 13&#8243; MacBook oder ein 15&#8243; MacBook Pro Platz, zwei Schlaufen an der Innenseite bieten die M\u00f6glichkeit, das Display gleich beim \u00d6ffnen der H\u00fclle mit aufzuklappen. Wird der umlaufende Rei\u00dfverschluss geschlossen, so ist das Notebook in der handgefertigten Lederh\u00fclle erstklassig aufbewahrt. Die festen Buchdeckel sch\u00fctzen die Ober- und Unterseite und bewahren das Notebook durch eine rundum gut einen Zentimeter \u00fcberstehende Kante auch vor Besch\u00e4digung durch seitliche St\u00f6\u00dfe.<\/p>\n<p>\nIn <a href=\"http:\/\/www.flickr.com\/photos\/ifun\/sets\/72157624010035144\/\" target=\"_blank\">dieser Flickr-Galerie<\/a> gibt&#8217;s weitere Fotos (<a href=\"http:\/\/www.ifun.de\/content\/view\/6396\/2\/\">unten<\/a> auch eingebettet), die BookBook-Schutzh\u00fcllen sind zum Preis von 79,99 Euro (UVP) bei den \u00fcblichen Mac-Fachh\u00e4ndlern oder <a rel=\"noindex, nofollow\" href=\"http:\/\/www.amazon.de\/gp\/redirect.html?ie=UTF8&#038;location=http%3A%2F%2Fwww.amazon.de%2Fs%3Fie%3DUTF8%26ref_%3Dsr%5Fnr%5Fseeall%5F3%26keywords%3Dbookbook%26qid%3D1273223792%26rh%3Di%253Aaps%252Ck%253Abookbook%252Ci%253Aelectronics&#038;site-redirect=de&#038;tag=musicweb02&#038;linkCode=ur2&#038;camp=1638&#038;creative=19454\">\u00fcber Amazon<\/a> erh\u00e4ltlich.<\/p>\n<p>\n<center><object align=\"middle\" height=\"464\" width=\"464\"><param name=\"FlashVars\" value=\"ids= 72157624010035144&amp;names=iTunes9&amp;userName=ifun.de&amp;userId=7388599@N08&amp;source=sets&amp;titles=on&amp;displayNotes=on&amp;thumbAutoHide=off&amp;imageSize=medium&amp;vAlign=mid&amp;displayZoom=off&amp;vertOffset=0&amp;initialScale=off&amp;bgAlpha=80\"><\/param><param name=\"PictoBrowser\" value=\"http:\/\/www.db798.com\/pictobrowser.swf\"><\/param><param name=\"scale\" value=\"noscale\"><\/param><param name=\"bgcolor\" value=\"#DDDDDD\"><\/param><div class=\"responsive-video\"><embed src=\"http:\/\/www.db798.com\/pictobrowser.swf\" flashvars=\"ids= 72157624010035144&amp;names=iTunes9&amp;userName=ifun.de&amp;userId=7388599@N08&amp;source=sets&amp;titles=on&amp;displayNotes=on&amp;thumbAutoHide=off&amp;imageSize=medium&amp;vAlign=mid&amp;displayZoom=off&amp;vertOffset=0&amp;initialScale=off&amp;bgAlpha=80\" loop=\"false\" scale=\"noscale\" bgcolor=\"#DDDDDD\" name=\"PictoBrowser\" align=\"middle\" height=\"464\" width=\"464\"><\/embed><\/div><\/object><\/center><br \/><\/p>\n","protected":false},"excerpt":{"rendered":"<a href=\"https:\/\/www.ifun.de\/bookbook-schutzender-ledereinband-furs-macbook-6396\/\"><img decoding=\"async\" width=\"150\" src=\"http:\/\/images.ifun.de\/wp-content\/mosimages\/images\/stories\/0096\/bookbook.jpg\" class=\"alignright wp-post-image tfe\" alt=\"\" title=\"\" \/><\/a><p>Nicht nur die Idee f\u00fcr die Mac-Notebook-H\u00fclle BookBook ist hervorragend, sondern auch deren Umsetzung. Die lederne Buch-Attrappe ist mit rotem oder braunen R\u00fccken erh\u00e4ltlich und l\u00e4sst sich im Regal beinahe nicht von einem Antiken Lederband untescheiden. Im weich gepolsterten Inneren findet wahlweise ein 13&#8243; MacBook oder ein 15&#8243; MacBook Pro Platz, zwei Schlaufen an der [&hellip;]<\/p>\n","protected":false},"author":2,"featured_media":0,"comment_status":"open","ping_status":"open","sticky":false,"template":"","format":"standard","meta":{"_acf_changed":false,"footnotes":""},"categories":[1],"tags":[110,75,6321,144,195],"class_list":["post-6396","post","type-post","status-publish","format-standard","hentry","category-news","tag-case","tag-hulle","tag-mac","tag-macbook","tag-schutz"],"acf":[],"aioseo_notices":[],"rest_api_enabler":[],"_links":{"self":[{"href":"https:\/\/www.ifun.de\/apiv2\/wp\/v2\/posts\/6396","targetHints":{"allow":["GET"]}}],"collection":[{"href":"https:\/\/www.ifun.de\/apiv2\/wp\/v2\/posts"}],"about":[{"href":"https:\/\/www.ifun.de\/apiv2\/wp\/v2\/types\/post"}],"author":[{"embeddable":true,"href":"https:\/\/www.ifun.de\/apiv2\/wp\/v2\/users\/2"}],"replies":[{"embeddable":true,"href":"https:\/\/www.ifun.de\/apiv2\/wp\/v2\/comments?post=6396"}],"version-history":[{"count":2,"href":"https:\/\/www.ifun.de\/apiv2\/wp\/v2\/posts\/6396\/revisions"}],"predecessor-version":[{"id":12592,"href":"https:\/\/www.ifun.de\/apiv2\/wp\/v2\/posts\/6396\/revisions\/12592"}],"wp:attachment":[{"href":"https:\/\/www.ifun.de\/apiv2\/wp\/v2\/media?parent=6396"}],"wp:term":[{"taxonomy":"category","embeddable":true,"href":"https:\/\/www.ifun.de\/apiv2\/wp\/v2\/categories?post=6396"},{"taxonomy":"post_tag","embeddable":true,"href":"https:\/\/www.ifun.de\/apiv2\/wp\/v2\/tags?post=6396"}],"curies":[{"name":"wp","href":"https:\/\/api.w.org\/{rel}","templated":true}]}}