{"id":63831,"date":"2014-07-29T21:31:17","date_gmt":"2014-07-29T19:31:17","guid":{"rendered":"http:\/\/www.ifun.de\/?p=63831"},"modified":"2014-07-29T21:31:17","modified_gmt":"2014-07-29T19:31:17","slug":"apple-sucht-mitarbeiter-fuer-promo-aktion-neue-ipads-schon-im-september","status":"publish","type":"post","link":"https:\/\/www.ifun.de\/apple-sucht-mitarbeiter-fuer-promo-aktion-neue-ipads-schon-im-september-63831\/","title":{"rendered":"Apple sucht Mitarbeiter f\u00fcr Promo-Aktion: Neue iPads schon im September?"},"content":{"rendered":"<p>Auf den Abend noch was zum Diskutieren: Apple sucht derzeit \u00fcber eine externe Agentur Personal f\u00fcr eine bundesweit laufende Merchandising-Veranstaltung in der zweiten Septemberh\u00e4lfte. In der Stellenausschreibung wird ausdr\u00fccklich darauf hingewiesen, dass der genaue Termin f\u00fcr den Einsatz sich <strong>an der Vorstellung der neuen iPads orientiert<\/strong>.<\/p>\n<p><h5>iPhone und iPad zeitgleich\u2026<\/h5>\n<p> Werden also in diesem Jahr die Nachfolger f\u00fcr das iPad mini Retina und das iPad Air bereits im September vorgestellt und nicht wie allgemein erwartet erst im Oktober? Das iPhone 6 ist bei uns ja bereits fest <a href=\"http:\/\/www.iphone-ticker.de\/iphone-6-verkaufsstart-voraussichtlich-am-19-september-68217\/\">f\u00fcr den September eingeplant<\/a>, ein zeitgleicher iPad-Termin w\u00fcrde allerdings \u00fcberraschen.<\/p>\n<p>Somit bleiben zwei M\u00f6glichkeiten: Entweder zieht Apple die iPad-Vorstellung in diesem Jahr tats\u00e4chlich vor, vielleicht ja, um den Oktober f\u00fcr eine weitere wichtige Produktpr\u00e4sentation unabh\u00e4ngig von iPhone und iPad freizuhalten, oder das Ganze ist eine Finte.<\/p>\n<p>Zun\u00e4chst zur ersten Theorie. Die Aktualisierungen beider iPad-Modelle d\u00fcrften in diesem Jahr eher verhalten ausfallen. Wir rechnen damit, dass die Ger\u00e4te \u00e4u\u00dferlich unver\u00e4ndert bleiben und lediglich unter der Haube verbessert werden.M\u00f6glicherweise wird zudem der vom iPhone 5s bekannte Fingerabdrucksensor Touch ID integriert. Also k\u00f6nnte man die neuen iPads vielleicht tats\u00e4chlich ins Beiprogramm der iPhone-Pr\u00e4sentation packen. Allerdings w\u00e4re ein gleichzeitiger Verkaufsstart beider Ger\u00e4tekategorien sicher eine enorme Herausforderung f\u00fcr das Apple-Personal und die dahinterstehende Logistik.<\/p>\n<p><h5>\u2026oder geht&#8217;s doch nur um das iPhone?<\/h5>\n<p>Also weiter zur These 2: Warum eine Finte? Ganz einfach, <a href=\"http:\/\/www.ifun.de\/was-steht-an-apple-sucht-promotoren-fuer-os-x-und-ipad-46029\/\">im letzten Jahr<\/a> hat Apple bereits die selbe Nummer abgezogen und f\u00fcr den Zeitraum vom 20. September an Mitarbeiter f\u00fcr eine Promo-Aktion gesucht, deren Schwerpunkt laut initialer Ausschreibung auf \u201eMac-Produkten und dem iPad\u201c lag. An den Start ging <a href=\"http:\/\/www.iphone-ticker.de\/verkaufsstart-schlangen-vor-den-apple-stores-telekom-weist-auf-lieferengpaesse-hin-54221\/\">am 20. September<\/a> unter gro\u00dfem Andrang dann aber die neue iPhone-Generation und die aktuellen iPads kamen einen vollen Monat sp\u00e4ter <a href=\"http:\/\/www.ifun.de\/ipad-air-48780\/\">im Oktober<\/a> nach.<\/p>\n<p>Wir w\u00fcrden unsere Kiste Bier im Moment auf die zweite Theorie setzen, was meint ihr? In jedem Fall best\u00e4tigt die Stellenausschreibung, dass wir in der zweiten Septemberh\u00e4lfte mit Produktneuheiten rechnen d\u00fcrfen.<\/p>\n","protected":false},"excerpt":{"rendered":"<a href=\"https:\/\/www.ifun.de\/apple-sucht-mitarbeiter-fuer-promo-aktion-neue-ipads-schon-im-september-63831\/\"><img width=\"150\" height=\"150\" src=\"https:\/\/images.ifun.de\/wp-content\/uploads\/2014\/07\/header120-150x150.jpg\" class=\"alignright tfe wp-post-image\" alt=\"\" decoding=\"async\" loading=\"lazy\" \/><\/a><p>Auf den Abend noch was zum Diskutieren: Apple sucht derzeit \u00fcber eine externe Agentur Personal f\u00fcr eine bundesweit laufende Merchandising-Veranstaltung in der zweiten Septemberh\u00e4lfte. In der Stellenausschreibung wird ausdr\u00fccklich darauf hingewiesen, dass der genaue Termin f\u00fcr den Einsatz sich an der Vorstellung der neuen iPads orientiert. iPhone und iPad zeitgleich\u2026 Werden also in diesem Jahr [&hellip;]<\/p>\n","protected":false},"author":2,"featured_media":63847,"comment_status":"open","ping_status":"closed","sticky":false,"template":"","format":"standard","meta":{"_acf_changed":false,"footnotes":""},"categories":[18],"tags":[3910,4740,4741],"class_list":["post-63831","post","type-post","status-publish","format-standard","has-post-thumbnail","hentry","category-rumors","tag-geruechte","tag-ipad","tag-iphone"],"acf":[],"aioseo_notices":[],"featured_image":["http:\/\/images.ifun.de\/wp-content\/uploads\/2014\/07\/header120.jpg"],"rest_api_enabler":{"featured_image":"http:\/\/images.ifun.de\/wp-content\/uploads\/2014\/07\/header120.jpg"},"_links":{"self":[{"href":"https:\/\/www.ifun.de\/apiv2\/wp\/v2\/posts\/63831","targetHints":{"allow":["GET"]}}],"collection":[{"href":"https:\/\/www.ifun.de\/apiv2\/wp\/v2\/posts"}],"about":[{"href":"https:\/\/www.ifun.de\/apiv2\/wp\/v2\/types\/post"}],"author":[{"embeddable":true,"href":"https:\/\/www.ifun.de\/apiv2\/wp\/v2\/users\/2"}],"replies":[{"embeddable":true,"href":"https:\/\/www.ifun.de\/apiv2\/wp\/v2\/comments?post=63831"}],"version-history":[{"count":16,"href":"https:\/\/www.ifun.de\/apiv2\/wp\/v2\/posts\/63831\/revisions"}],"predecessor-version":[{"id":63848,"href":"https:\/\/www.ifun.de\/apiv2\/wp\/v2\/posts\/63831\/revisions\/63848"}],"wp:featuredmedia":[{"embeddable":true,"href":"https:\/\/www.ifun.de\/apiv2\/wp\/v2\/media\/63847"}],"wp:attachment":[{"href":"https:\/\/www.ifun.de\/apiv2\/wp\/v2\/media?parent=63831"}],"wp:term":[{"taxonomy":"category","embeddable":true,"href":"https:\/\/www.ifun.de\/apiv2\/wp\/v2\/categories?post=63831"},{"taxonomy":"post_tag","embeddable":true,"href":"https:\/\/www.ifun.de\/apiv2\/wp\/v2\/tags?post=63831"}],"curies":[{"name":"wp","href":"https:\/\/api.w.org\/{rel}","templated":true}]}}