{"id":63261,"date":"2014-07-18T07:42:05","date_gmt":"2014-07-18T05:42:05","guid":{"rendered":"http:\/\/www.ifun.de\/?p=63261"},"modified":"2014-07-18T07:44:21","modified_gmt":"2014-07-18T05:44:21","slug":"apple-store-hannover-eroeffnung-im-september-geplant","status":"publish","type":"post","link":"https:\/\/www.ifun.de\/apple-store-hannover-eroeffnung-im-september-geplant-63261\/","title":{"rendered":"Apple Store Hannover: Er\u00f6ffnung im September geplant"},"content":{"rendered":"<p>Der Apple Store Hannover wird wohl doch schneller er\u00f6ffnen als erwartet. Momentan ist laut unseren Informationen eine Er\u00f6ffnung im September geplant.<\/p>\n<p><a href=\"http:\/\/images.ifun.de\/wp-content\/uploads\/2014\/07\/hannover.jpg\"><img loading=\"lazy\" decoding=\"async\" src=\"http:\/\/images.ifun.de\/wp-content\/uploads\/2014\/07\/hannover.jpg\" alt=\"Apple Store Hannover\" width=\"500\" height=\"345\" class=\"aligncenter size-full wp-image-63264\" srcset=\"https:\/\/images.ifun.de\/wp-content\/uploads\/2014\/07\/hannover.jpg 500w, https:\/\/images.ifun.de\/wp-content\/uploads\/2014\/07\/hannover-300x207.jpg 300w\" sizes=\"auto, (max-width: 500px) 100vw, 500px\" \/><\/a><\/p>\n<p><h5>Bauliche Probleme offenbar im Griff<\/h5>\n<p>\u00dcber die Hintergr\u00fcnde der Kurs\u00e4nderung liegen uns keine konkreten Informationen vor, zuletzt hat ja alles darauf <a href=\"http:\/\/www.ifun.de\/apple-store-hannover-auf-2015-verschoben-bauzaun-wird-rueckgebaut-62413\/\">hingedeutet<\/a>, dass es in Hannover in diesem Jahr nicht mehr klappt. Ursache f\u00fcr die bisherigen Verz\u00f6gerungen sind dem Vernehmen nach bauphysikalische M\u00e4ngel, sprich Schimmel bzw. Feuchtigkeitsprobleme. Um so \u00fcberraschender kommt f\u00fcr uns nun die Information, dass Apple die Er\u00f6ffnung der Filiale f\u00fcr September plant. Es scheint, als h\u00e4tte man die Probleme im Geb\u00e4ude nun doch schneller als erwartet in den Griff bekommen. Die bereits l\u00e4ngere Zeit f\u00fcr Hannover eingestellten Mitarbeiter sind wohl schon entsprechend informiert und d\u00fcrfen sich nun auf ihren offiziellen Arbeitsbeginn freuen.<\/p>\n<p>Ein wenig spekulativ ist noch das genaue Er\u00f6ffnungsdatum. Die Rede war von Monatsende, wir w\u00fcrde unsere Kiste Bier aber konkret auf den 19. September setzen. Dieser Termin steht im Moment auch als Verkaufsstart f\u00fcr die n\u00e4chste iPhone-Generation <a href=\"http:\/\/www.iphone-ticker.de\/iphone-6-verkaufsstart-voraussichtlich-am-19-september-68217\/\" title=\"Verkaufsstart iPhone 6\">hoch im Kurs<\/a> und es w\u00fcrde nicht \u00fcberraschen, wenn Apple dieses Ereignis wie <a href=\"http:\/\/www.ifun.de\/apple-store-breuningerland-stuttgart-sindelfingen-eroeffnung-29585\/\">letztes Jahr in Sindelfingen<\/a> mit der Store-Er\u00f6ffnung verbindet.<\/p>\n<p>Auf dem Bild oben seht ihr den neuen Sichtschutz an der Ladenfront. Wir wir <a href=\"http:\/\/www.ifun.de\/apple-store-hannover-auf-2015-verschoben-bauzaun-wird-rueckgebaut-62413\/\">berichtet haben<\/a> musste Apple den urspr\u00fcnglich weit in die Stra\u00dfe hineinragenden Bauzaun entfernen und auf diese L\u00f6sung ausweichen. (Foto: Danke Olga)<\/p>\n","protected":false},"excerpt":{"rendered":"<a href=\"https:\/\/www.ifun.de\/apple-store-hannover-eroeffnung-im-september-geplant-63261\/\"><img width=\"150\" height=\"150\" src=\"https:\/\/images.ifun.de\/wp-content\/uploads\/2014\/07\/hannover-150x150.jpg\" class=\"alignright tfe wp-post-image\" alt=\"\" decoding=\"async\" loading=\"lazy\" \/><\/a><p>Der Apple Store Hannover wird wohl doch schneller er\u00f6ffnen als erwartet. Momentan ist laut unseren Informationen eine Er\u00f6ffnung im September geplant. Bauliche Probleme offenbar im Griff \u00dcber die Hintergr\u00fcnde der Kurs\u00e4nderung liegen uns keine konkreten Informationen vor, zuletzt hat ja alles darauf hingedeutet, dass es in Hannover in diesem Jahr nicht mehr klappt. Ursache f\u00fcr [&hellip;]<\/p>\n","protected":false},"author":2,"featured_media":63264,"comment_status":"open","ping_status":"closed","sticky":false,"template":"","format":"standard","meta":{"_acf_changed":false,"footnotes":""},"categories":[3],"tags":[49,735],"class_list":["post-63261","post","type-post","status-publish","format-standard","has-post-thumbnail","hentry","category-apple","tag-apple-store","tag-hannover"],"acf":[],"aioseo_notices":[],"featured_image":["http:\/\/images.ifun.de\/wp-content\/uploads\/2014\/07\/header71.jpg"],"rest_api_enabler":{"featured_image":"http:\/\/images.ifun.de\/wp-content\/uploads\/2014\/07\/header71.jpg"},"_links":{"self":[{"href":"https:\/\/www.ifun.de\/apiv2\/wp\/v2\/posts\/63261","targetHints":{"allow":["GET"]}}],"collection":[{"href":"https:\/\/www.ifun.de\/apiv2\/wp\/v2\/posts"}],"about":[{"href":"https:\/\/www.ifun.de\/apiv2\/wp\/v2\/types\/post"}],"author":[{"embeddable":true,"href":"https:\/\/www.ifun.de\/apiv2\/wp\/v2\/users\/2"}],"replies":[{"embeddable":true,"href":"https:\/\/www.ifun.de\/apiv2\/wp\/v2\/comments?post=63261"}],"version-history":[{"count":5,"href":"https:\/\/www.ifun.de\/apiv2\/wp\/v2\/posts\/63261\/revisions"}],"predecessor-version":[{"id":63268,"href":"https:\/\/www.ifun.de\/apiv2\/wp\/v2\/posts\/63261\/revisions\/63268"}],"wp:featuredmedia":[{"embeddable":true,"href":"https:\/\/www.ifun.de\/apiv2\/wp\/v2\/media\/63264"}],"wp:attachment":[{"href":"https:\/\/www.ifun.de\/apiv2\/wp\/v2\/media?parent=63261"}],"wp:term":[{"taxonomy":"category","embeddable":true,"href":"https:\/\/www.ifun.de\/apiv2\/wp\/v2\/categories?post=63261"},{"taxonomy":"post_tag","embeddable":true,"href":"https:\/\/www.ifun.de\/apiv2\/wp\/v2\/tags?post=63261"}],"curies":[{"name":"wp","href":"https:\/\/api.w.org\/{rel}","templated":true}]}}