{"id":61883,"date":"2014-06-24T11:26:37","date_gmt":"2014-06-24T09:26:37","guid":{"rendered":"http:\/\/www.ifun.de\/?p=61883"},"modified":"2014-06-24T11:28:59","modified_gmt":"2014-06-24T09:28:59","slug":"neues-macbook-air-im-herbst-microsoft-kauft-euer-altes","status":"publish","type":"post","link":"https:\/\/www.ifun.de\/neues-macbook-air-im-herbst-microsoft-kauft-euer-altes-61883\/","title":{"rendered":"Neues MacBook Air im Herbst? Microsoft kauft euer altes"},"content":{"rendered":"<p>Das alte MacBook Air jetzt schon in Zahlung zu geben w\u00e4re wohl ein wenig verfr\u00fcht, denn der taiwanesische Brancheninformationsdienst <a href=\"http:\/\/www.digitimes.com\/news\/a20140623PD207.html\">Digitimes<\/a> war in der Vergangenheit nicht die verl\u00e4sslichste Quelle in Sachen Apple-Ger\u00fcchte. Digitimes sieht das neue MacBook Air nun im dritten Quartal des Jahres anrollen, allerdings soll entgegen <a href=\"http:\/\/www.ifun.de\/retina-bildschirm-und-duenner-als-macbook-air-bringt-apple-das-12-notebook-zurueck-48193\/\">letzter Vermutungen<\/a> keine gr\u00f6\u00dferen \u00c4nderungen am Geh\u00e4use vornehmen.<\/p>\n<p><a href=\"http:\/\/images.ifun.de\/wp-content\/uploads\/2014\/03\/50057.jpg\"><img loading=\"lazy\" decoding=\"async\" src=\"http:\/\/images.ifun.de\/wp-content\/uploads\/2014\/03\/50057.jpg\" alt=\"500\" width=\"500\" height=\"179\" class=\"aligncenter size-full wp-image-57149\" srcset=\"https:\/\/images.ifun.de\/wp-content\/uploads\/2014\/03\/50057.jpg 500w, https:\/\/images.ifun.de\/wp-content\/uploads\/2014\/03\/50057-300x107.jpg 300w\" sizes=\"auto, (max-width: 500px) 100vw, 500px\" \/><\/a><\/p>\n<blockquote>\n<p>Das 12\u201c-MacBook-Air kommt mit ver\u00e4ndertem Innenleben und neuem Akku, wird sich \u00e4u\u00dferlich aber nicht gro\u00df von den jetzigen Modellen unterscheiden. Teils rechnen Marktbeobachter damit, dass das Ger\u00e4t mit einem Retina-Bildschirm ausgestattet ist. (Digitimes | via <a href=\"http:\/\/www.macrumors.com\">Mac Rumors<\/a>)<\/p>\n<\/blockquote>\n<p>Spekulationen um ein neues Apple-Notebook mit 12\u201c-Bildschirm machen <a href=\"http:\/\/www.ifun.de\/retina-bildschirm-und-duenner-als-macbook-air-bringt-apple-das-12-notebook-zurueck-48193\/\">seit Ende letzten Jahres<\/a> immer wieder die Runde und die baldige Vorstellung eines entsprechenden Ger\u00e4tes scheint zumindest jedenfalls nicht ausgeschlossen.<\/p>\n<h2>Microsoft kauft gebrauchte MacBooks<\/h2>\n<p>In den USA haben Kaufinteressenten f\u00fcr begrenzte Zeit die M\u00f6glichkeit, ihr \u201ealtes\u201c MacBook Air bei Microsoft in Zahlung zu geben. Unter dem Titel \u201e<a href=\"http:\/\/content.microsoftstore.com\/de-de\/offers\/rooseveltfield#offer-surface-pro-3-trade-in\">Trade up to the Surface Pro 3<\/a>\u201c bietet der Konzern die Inzahlungnahme eines MacBook Air bei gleichzeitigem Kauf eines <a href=\"http:\/\/www.ifun.de\/surface-pro-3-bestellen-dock-tastatur-60238\/\">Surface Pro 3 Tablets<\/a> an. Bis zu 650 Dollar will Microsoft im Rahmen der bis Ende Juli laufenden Aktion daf\u00fcr im Preis nachlassen. Ein guter Deal ist die Sache vermutlich jedoch nicht, es ist kaum vorstellbar, dass der gutgeschriebene Betrag h\u00f6her liegt als das, was sich durch einen Privatverkauf oder eine Versteigerung erzielen l\u00e4sst. Zudem d\u00fcrfte die Zahl derjenigen, die tats\u00e4chlich ein MacBook Air abgeben um sich ein Microsoft-Tablet zu kaufen, ziemlich \u00fcberschaubar sein.<\/p>\n","protected":false},"excerpt":{"rendered":"<a href=\"https:\/\/www.ifun.de\/neues-macbook-air-im-herbst-microsoft-kauft-euer-altes-61883\/\"><img decoding=\"async\" width=\"150\" src=\"http:\/\/images.ifun.de\/wp-content\/uploads\/2014\/03\/50057.jpg\" class=\"alignright wp-post-image tfe\" alt=\"500\" title=\"\" \/><\/a><p>Das alte MacBook Air jetzt schon in Zahlung zu geben w\u00e4re wohl ein wenig verfr\u00fcht, denn der taiwanesische Brancheninformationsdienst Digitimes war in der Vergangenheit nicht die verl\u00e4sslichste Quelle in Sachen Apple-Ger\u00fcchte. Digitimes sieht das neue MacBook Air nun im dritten Quartal des Jahres anrollen, allerdings soll entgegen letzter Vermutungen keine gr\u00f6\u00dferen \u00c4nderungen am Geh\u00e4use vornehmen. [&hellip;]<\/p>\n","protected":false},"author":2,"featured_media":0,"comment_status":"open","ping_status":"closed","sticky":false,"template":"","format":"standard","meta":{"_acf_changed":false,"footnotes":""},"categories":[16],"tags":[3910,344,216,1261,487],"class_list":["post-61883","post","type-post","status-publish","format-standard","hentry","category-mac","tag-geruechte","tag-macbook-air","tag-microsoft","tag-surface","tag-tablet"],"acf":[],"aioseo_notices":[],"featured_image":["http:\/\/images.ifun.de\/wp-content\/uploads\/2014\/03\/header96.jpg"],"rest_api_enabler":{"featured_image":"http:\/\/images.ifun.de\/wp-content\/uploads\/2014\/03\/header96.jpg"},"_links":{"self":[{"href":"https:\/\/www.ifun.de\/apiv2\/wp\/v2\/posts\/61883","targetHints":{"allow":["GET"]}}],"collection":[{"href":"https:\/\/www.ifun.de\/apiv2\/wp\/v2\/posts"}],"about":[{"href":"https:\/\/www.ifun.de\/apiv2\/wp\/v2\/types\/post"}],"author":[{"embeddable":true,"href":"https:\/\/www.ifun.de\/apiv2\/wp\/v2\/users\/2"}],"replies":[{"embeddable":true,"href":"https:\/\/www.ifun.de\/apiv2\/wp\/v2\/comments?post=61883"}],"version-history":[{"count":4,"href":"https:\/\/www.ifun.de\/apiv2\/wp\/v2\/posts\/61883\/revisions"}],"predecessor-version":[{"id":61887,"href":"https:\/\/www.ifun.de\/apiv2\/wp\/v2\/posts\/61883\/revisions\/61887"}],"wp:attachment":[{"href":"https:\/\/www.ifun.de\/apiv2\/wp\/v2\/media?parent=61883"}],"wp:term":[{"taxonomy":"category","embeddable":true,"href":"https:\/\/www.ifun.de\/apiv2\/wp\/v2\/categories?post=61883"},{"taxonomy":"post_tag","embeddable":true,"href":"https:\/\/www.ifun.de\/apiv2\/wp\/v2\/tags?post=61883"}],"curies":[{"name":"wp","href":"https:\/\/api.w.org\/{rel}","templated":true}]}}